{"id":1026,"date":"2024-01-26T18:00:13","date_gmt":"2024-01-26T18:00:13","guid":{"rendered":"https:\/\/projetos.ese.ips.pt\/cctic\/?p=1026"},"modified":"2024-01-26T18:00:14","modified_gmt":"2024-01-26T18:00:14","slug":"evento-regional-setubal-capacitacao-digital-das-escolas-transformacao-de-contextos-com-o-digital-desafios-e-oportunidades","status":"publish","type":"post","link":"https:\/\/projetos.ese.ips.pt\/cctic\/index.php\/2024\/01\/26\/evento-regional-setubal-capacitacao-digital-das-escolas-transformacao-de-contextos-com-o-digital-desafios-e-oportunidades\/","title":{"rendered":"Evento Regional Set\u00fabal &#8211; Capacita\u00e7\u00e3o Digital das Escolas (Transforma\u00e7\u00e3o de Contextos com o Digital: Desafios e Oportunidades)"},"content":{"rendered":"\n<div class=\"wp-block-columns\">\n<div class=\"wp-block-column\">\n<figure class=\"wp-block-image size-large is-resized\"><img loading=\"lazy\" src=\"https:\/\/projetos.ese.ips.pt\/cctic\/wp-content\/uploads\/2024\/01\/WhatsApp-Image-2024-01-26-at-13.36.36-1024x682.jpeg\" alt=\"\" class=\"wp-image-1031\" width=\"337\" height=\"224\" srcset=\"https:\/\/projetos.ese.ips.pt\/cctic\/wp-content\/uploads\/2024\/01\/WhatsApp-Image-2024-01-26-at-13.36.36-1024x682.jpeg 1024w, https:\/\/projetos.ese.ips.pt\/cctic\/wp-content\/uploads\/2024\/01\/WhatsApp-Image-2024-01-26-at-13.36.36-300x200.jpeg 300w, https:\/\/projetos.ese.ips.pt\/cctic\/wp-content\/uploads\/2024\/01\/WhatsApp-Image-2024-01-26-at-13.36.36-768x512.jpeg 768w, https:\/\/projetos.ese.ips.pt\/cctic\/wp-content\/uploads\/2024\/01\/WhatsApp-Image-2024-01-26-at-13.36.36-1536x1023.jpeg 1536w, https:\/\/projetos.ese.ips.pt\/cctic\/wp-content\/uploads\/2024\/01\/WhatsApp-Image-2024-01-26-at-13.36.36-676x450.jpeg 676w, https:\/\/projetos.ese.ips.pt\/cctic\/wp-content\/uploads\/2024\/01\/WhatsApp-Image-2024-01-26-at-13.36.36.jpeg 1600w\" sizes=\"(max-width: 337px) 100vw, 337px\" \/><\/figure>\n<\/div>\n\n\n\n<div class=\"wp-block-column\">\n<figure class=\"wp-block-image size-large is-resized\"><img loading=\"lazy\" src=\"https:\/\/projetos.ese.ips.pt\/cctic\/wp-content\/uploads\/2024\/01\/WhatsApp-Image-2024-01-26-at-13.57.38-1024x768.jpeg\" alt=\"\" class=\"wp-image-1032\" width=\"286\" height=\"214\" srcset=\"https:\/\/projetos.ese.ips.pt\/cctic\/wp-content\/uploads\/2024\/01\/WhatsApp-Image-2024-01-26-at-13.57.38-1024x768.jpeg 1024w, https:\/\/projetos.ese.ips.pt\/cctic\/wp-content\/uploads\/2024\/01\/WhatsApp-Image-2024-01-26-at-13.57.38-300x225.jpeg 300w, https:\/\/projetos.ese.ips.pt\/cctic\/wp-content\/uploads\/2024\/01\/WhatsApp-Image-2024-01-26-at-13.57.38-768x576.jpeg 768w, https:\/\/projetos.ese.ips.pt\/cctic\/wp-content\/uploads\/2024\/01\/WhatsApp-Image-2024-01-26-at-13.57.38-1536x1152.jpeg 1536w, https:\/\/projetos.ese.ips.pt\/cctic\/wp-content\/uploads\/2024\/01\/WhatsApp-Image-2024-01-26-at-13.57.38-676x507.jpeg 676w, https:\/\/projetos.ese.ips.pt\/cctic\/wp-content\/uploads\/2024\/01\/WhatsApp-Image-2024-01-26-at-13.57.38.jpeg 2048w\" sizes=\"(max-width: 286px) 100vw, 286px\" \/><\/figure>\n\n\n\n<p><\/p>\n<\/div>\n<\/div>\n\n\n\n<p>Realizou-se, na Escola Secund\u00e1ria de Santo Andr\u00e9 &#8211; Barreiro, no dia 25 de janeiro, aquele que foi o primeiro de um conjunto de encontros regionais que ter\u00e3o lugar por todo o pa\u00eds, durante este ano letivo.<\/p>\n\n\n\n<p>Este encontro, que foi organizado de forma colaborativa pela Dire\u00e7\u00e3o Geral de Educa\u00e7\u00e3o, pelas equipas dos diferentes centros de compet\u00eancia TIC e pelos embaixadores digitais que apoiam as escolas da nossa \u00e1rea de interven\u00e7\u00e3o,  pretendeu fomentar a partilha e a constru\u00e7\u00e3o de a\u00e7\u00f5es de car\u00e1ter pr\u00e1tico de desenvolvimento digital das escolas, no quadro do previsto no Plano de Transi\u00e7\u00e3o Digital, promover a partilha de experi\u00eancias e a cria\u00e7\u00e3o de redes de apoio entre escolas e ainda acentuar o papel fundamental das ferramentas digitais na recupera\u00e7\u00e3o das aprendizagens dos alunos.<\/p>\n\n\n\n<p>Estiveram presentes cerca de 150 docentes, que refletiram sobre a integra\u00e7\u00e3o e o desenvolvimento do digital nos seus contextos educativos. Houve ainda lugar para um painel alusivo \u00e0 Import\u00e2ncia da Colabora\u00e7\u00e3o Entre Escolas, no qual estiveram presentes as docentes F\u00e1tima Nave, Cid\u00e1lia Marques e Aida Gra\u00e7a, seguido de um momento de partilha de boas pr\u00e1ticas por parte dos agrupamentos presentes. <\/p>\n\n\n\n<p>Pode consultar algumas das conclus\u00f5es deste encontro, bem como o registo  fotogr\u00e1fico de alguns momentos, no site de apoio \u00e0 iniciativa, dispon\u00edvel <a href=\"https:\/\/eventos.ese.ips.pt\/tdigitalset24\/\" target=\"_blank\" rel=\"noreferrer noopener\">aqui.<\/a><\/p>\n\n\n\n<p>  <\/p>\n","protected":false},"excerpt":{"rendered":"<p>Realizou-se, na Escola Secund\u00e1ria de Santo Andr\u00e9 &#8211; Barreiro, no dia 25 de janeiro, aquele que foi o primeiro de um conjunto de encontros regionais que ter\u00e3o lugar por todo o pa\u00eds, durante este ano letivo. Este encontro, que foi organizado de forma colaborativa pela Dire\u00e7\u00e3o Geral de Educa\u00e7\u00e3o, pelas equipas dos diferentes centros de [&hellip;]<\/p>\n","protected":false},"author":3,"featured_media":0,"comment_status":"open","ping_status":"open","sticky":false,"template":"","format":"standard","meta":[],"categories":[1],"tags":[],"_links":{"self":[{"href":"https:\/\/projetos.ese.ips.pt\/cctic\/index.php\/wp-json\/wp\/v2\/posts\/1026"}],"collection":[{"href":"https:\/\/projetos.ese.ips.pt\/cctic\/index.php\/wp-json\/wp\/v2\/posts"}],"about":[{"href":"https:\/\/projetos.ese.ips.pt\/cctic\/index.php\/wp-json\/wp\/v2\/types\/post"}],"author":[{"embeddable":true,"href":"https:\/\/projetos.ese.ips.pt\/cctic\/index.php\/wp-json\/wp\/v2\/users\/3"}],"replies":[{"embeddable":true,"href":"https:\/\/projetos.ese.ips.pt\/cctic\/index.php\/wp-json\/wp\/v2\/comments?post=1026"}],"version-history":[{"count":5,"href":"https:\/\/projetos.ese.ips.pt\/cctic\/index.php\/wp-json\/wp\/v2\/posts\/1026\/revisions"}],"predecessor-version":[{"id":1037,"href":"https:\/\/projetos.ese.ips.pt\/cctic\/index.php\/wp-json\/wp\/v2\/posts\/1026\/revisions\/1037"}],"wp:attachment":[{"href":"https:\/\/projetos.ese.ips.pt\/cctic\/index.php\/wp-json\/wp\/v2\/media?parent=1026"}],"wp:term":[{"taxonomy":"category","embeddable":true,"href":"https:\/\/projetos.ese.ips.pt\/cctic\/index.php\/wp-json\/wp\/v2\/categories?post=1026"},{"taxonomy":"post_tag","embeddable":true,"href":"https:\/\/projetos.ese.ips.pt\/cctic\/index.php\/wp-json\/wp\/v2\/tags?post=1026"}],"curies":[{"name":"wp","href":"https:\/\/api.w.org\/{rel}","templated":true}]}}