{"id":1038,"date":"2024-01-31T17:12:50","date_gmt":"2024-01-31T17:12:50","guid":{"rendered":"https:\/\/projetos.ese.ips.pt\/cctic\/?p=1038"},"modified":"2024-01-31T19:17:00","modified_gmt":"2024-01-31T19:17:00","slug":"sessao-de-mentoria-agrupamento-de-escolas-de-azeitao","status":"publish","type":"post","link":"https:\/\/projetos.ese.ips.pt\/cctic\/index.php\/2024\/01\/31\/sessao-de-mentoria-agrupamento-de-escolas-de-azeitao\/","title":{"rendered":"Sess\u00e3o de Mentoria \u2013 Agrupamento de Escolas de Azeit\u00e3o"},"content":{"rendered":"\n<div class=\"wp-block-image\"><figure class=\"aligncenter size-large\"><img loading=\"lazy\" width=\"1024\" height=\"768\" src=\"https:\/\/projetos.ese.ips.pt\/cctic\/wp-content\/uploads\/2024\/01\/mentoria_azeitao-1024x768.jpg\" alt=\"\" class=\"wp-image-1039\" srcset=\"https:\/\/projetos.ese.ips.pt\/cctic\/wp-content\/uploads\/2024\/01\/mentoria_azeitao-1024x768.jpg 1024w, https:\/\/projetos.ese.ips.pt\/cctic\/wp-content\/uploads\/2024\/01\/mentoria_azeitao-300x225.jpg 300w, https:\/\/projetos.ese.ips.pt\/cctic\/wp-content\/uploads\/2024\/01\/mentoria_azeitao-768x576.jpg 768w, https:\/\/projetos.ese.ips.pt\/cctic\/wp-content\/uploads\/2024\/01\/mentoria_azeitao-1536x1152.jpg 1536w, https:\/\/projetos.ese.ips.pt\/cctic\/wp-content\/uploads\/2024\/01\/mentoria_azeitao-2048x1536.jpg 2048w, https:\/\/projetos.ese.ips.pt\/cctic\/wp-content\/uploads\/2024\/01\/mentoria_azeitao-676x507.jpg 676w\" sizes=\"(max-width: 1024px) 100vw, 1024px\" \/><\/figure><\/div>\n\n\n\n<p>No passado dia 29 de janeiro, o Agrupamento de Escolas de Azeit\u00e3o recebeu o Agrupamento de Escolas do Barreiro, o Agrupamento de Escolas D. Jo\u00e3o I, o Agrupamento de Escolas de Santo Andr\u00e9 e o Agrupamento de Escolas de Palmela para mais uma sess\u00e3o do seu grupo de mentoria.<\/p>\n\n\n\n<p>Depois de uma breve introdu\u00e7\u00e3o, por parte da Diretora do Agrupamento, tivemos a possibilidade de perceber algumas das estrat\u00e9gias que o agrupamento tem vindo a colocar em pr\u00e1tica, no sentido de efetuar uma (Trans)FormA\u00e7\u00e3o do trabalho que \u00e9 realizado, por alunos e professores.<\/p>\n\n\n\n<p>De seguida, tivemos a possibilidade de ouvir dois alunos, que deram a sua opini\u00e3o sobre as vantagens e desvantagens da utiliza\u00e7\u00e3o dos manuais digitais, assim como algumas estrat\u00e9gias de estudo que t\u00eam vindo a desenvolver, aproveitando os recursos dos manuais digitais.<\/p>\n\n\n\n<p>Ap\u00f3s esta partilha, tivemos a possibilidade de ver o trabalho que est\u00e1 a ser desenvolvido com os manuais digitais, em sala de aula, e, depois deste momento, foram partilhadas algumas estrat\u00e9gias e recursos para a atribui\u00e7\u00e3o e divulga\u00e7\u00e3o do acesso aos manuais digitais.<\/p>\n\n\n\n<p>Terminamos esta sess\u00e3o com uma breve reflex\u00e3o sobre a visita, que consideramos muito rica em partilhas, com muitas ideias que poder\u00e3o ser colocadas em pr\u00e1tica nos diferentes agrupamentos presentes.<\/p>\n\n\n\n<p>Queremos agradecer \u00e0 Dire\u00e7\u00e3o do Agrupamento de Escolas de Azeit\u00e3o, aos professores Adelaide Rodrigues, Lu\u00eds Ornelas e Carlos Teixeira, e aos alunos Isabel e Rafael pela forma como nos receberam e por todo o trabalho de reflex\u00e3o que realizaram, para que tiv\u00e9ssemos esta sess\u00e3o de trabalho.<\/p>\n","protected":false},"excerpt":{"rendered":"<p>No passado dia 29 de janeiro, o Agrupamento de Escolas de Azeit\u00e3o recebeu o Agrupamento de Escolas do Barreiro, o Agrupamento de Escolas D. Jo\u00e3o I, o Agrupamento de Escolas de Santo Andr\u00e9 e o Agrupamento de Escolas de Palmela para mais uma sess\u00e3o do seu grupo de mentoria. Depois de uma breve introdu\u00e7\u00e3o, por [&hellip;]<\/p>\n","protected":false},"author":2,"featured_media":0,"comment_status":"open","ping_status":"open","sticky":false,"template":"","format":"standard","meta":[],"categories":[7],"tags":[],"_links":{"self":[{"href":"https:\/\/projetos.ese.ips.pt\/cctic\/index.php\/wp-json\/wp\/v2\/posts\/1038"}],"collection":[{"href":"https:\/\/projetos.ese.ips.pt\/cctic\/index.php\/wp-json\/wp\/v2\/posts"}],"about":[{"href":"https:\/\/projetos.ese.ips.pt\/cctic\/index.php\/wp-json\/wp\/v2\/types\/post"}],"author":[{"embeddable":true,"href":"https:\/\/projetos.ese.ips.pt\/cctic\/index.php\/wp-json\/wp\/v2\/users\/2"}],"replies":[{"embeddable":true,"href":"https:\/\/projetos.ese.ips.pt\/cctic\/index.php\/wp-json\/wp\/v2\/comments?post=1038"}],"version-history":[{"count":1,"href":"https:\/\/projetos.ese.ips.pt\/cctic\/index.php\/wp-json\/wp\/v2\/posts\/1038\/revisions"}],"predecessor-version":[{"id":1040,"href":"https:\/\/projetos.ese.ips.pt\/cctic\/index.php\/wp-json\/wp\/v2\/posts\/1038\/revisions\/1040"}],"wp:attachment":[{"href":"https:\/\/projetos.ese.ips.pt\/cctic\/index.php\/wp-json\/wp\/v2\/media?parent=1038"}],"wp:term":[{"taxonomy":"category","embeddable":true,"href":"https:\/\/projetos.ese.ips.pt\/cctic\/index.php\/wp-json\/wp\/v2\/categories?post=1038"},{"taxonomy":"post_tag","embeddable":true,"href":"https:\/\/projetos.ese.ips.pt\/cctic\/index.php\/wp-json\/wp\/v2\/tags?post=1038"}],"curies":[{"name":"wp","href":"https:\/\/api.w.org\/{rel}","templated":true}]}}