{"id":1042,"date":"2024-02-06T14:15:33","date_gmt":"2024-02-06T14:15:33","guid":{"rendered":"https:\/\/projetos.ese.ips.pt\/cctic\/?p=1042"},"modified":"2024-02-06T14:15:34","modified_gmt":"2024-02-06T14:15:34","slug":"dia-da-internet-mais-segura-2024","status":"publish","type":"post","link":"https:\/\/projetos.ese.ips.pt\/cctic\/index.php\/2024\/02\/06\/dia-da-internet-mais-segura-2024\/","title":{"rendered":"Dia da Internet Mais Segura 2024"},"content":{"rendered":"\n<p>No dia em que se celebra a 21.\u00aa edi\u00e7\u00e3o do Dia da Internet Mais Segura, partilhamos os trabalhos realizados por tr\u00eas turmas de dois Agrupamentos de Escolas diferentes (Agrupamento de Escolas Lu\u00edsa Todi e Agrupamento de Escolas Ordem de Sant&#8217;Iago), sobre algumas quest\u00f5es relacionadas com a Cidadania Digital.<\/p>\n\n\n\n<p>Sob o mote \u201c3 turmas, 2 agrupamentos, uma cidadania\u201d, este trabalho foi levado a cabo por turmas do 3.\u00ba, 4.\u00ba e 7.\u00ba anos de escolaridade, como forma de sensibilizar  as crian\u00e7as e jovens para a utiliza\u00e7\u00e3o segura e respons\u00e1vel das tecnologias.<\/p>\n\n\n\n<p>Muitos parab\u00e9ns pelo trabalho desenvolvido.<\/p>\n\n\n\n<figure class=\"wp-block-video\"><video controls muted src=\"https:\/\/projetos.ese.ips.pt\/cctic\/wp-content\/uploads\/2024\/02\/Tres_turmas_2_agrup_uma_cidadania.mp4\"><\/video><\/figure>\n","protected":false},"excerpt":{"rendered":"<p>No dia em que se celebra a 21.\u00aa edi\u00e7\u00e3o do Dia da Internet Mais Segura, partilhamos os trabalhos realizados por tr\u00eas turmas de dois Agrupamentos de Escolas diferentes (Agrupamento de Escolas Lu\u00edsa Todi e Agrupamento de Escolas Ordem de Sant&#8217;Iago), sobre algumas quest\u00f5es relacionadas com a Cidadania Digital. Sob o mote \u201c3 turmas, 2 agrupamentos, [&hellip;]<\/p>\n","protected":false},"author":2,"featured_media":0,"comment_status":"open","ping_status":"open","sticky":false,"template":"","format":"standard","meta":[],"categories":[1],"tags":[],"_links":{"self":[{"href":"https:\/\/projetos.ese.ips.pt\/cctic\/index.php\/wp-json\/wp\/v2\/posts\/1042"}],"collection":[{"href":"https:\/\/projetos.ese.ips.pt\/cctic\/index.php\/wp-json\/wp\/v2\/posts"}],"about":[{"href":"https:\/\/projetos.ese.ips.pt\/cctic\/index.php\/wp-json\/wp\/v2\/types\/post"}],"author":[{"embeddable":true,"href":"https:\/\/projetos.ese.ips.pt\/cctic\/index.php\/wp-json\/wp\/v2\/users\/2"}],"replies":[{"embeddable":true,"href":"https:\/\/projetos.ese.ips.pt\/cctic\/index.php\/wp-json\/wp\/v2\/comments?post=1042"}],"version-history":[{"count":2,"href":"https:\/\/projetos.ese.ips.pt\/cctic\/index.php\/wp-json\/wp\/v2\/posts\/1042\/revisions"}],"predecessor-version":[{"id":1045,"href":"https:\/\/projetos.ese.ips.pt\/cctic\/index.php\/wp-json\/wp\/v2\/posts\/1042\/revisions\/1045"}],"wp:attachment":[{"href":"https:\/\/projetos.ese.ips.pt\/cctic\/index.php\/wp-json\/wp\/v2\/media?parent=1042"}],"wp:term":[{"taxonomy":"category","embeddable":true,"href":"https:\/\/projetos.ese.ips.pt\/cctic\/index.php\/wp-json\/wp\/v2\/categories?post=1042"},{"taxonomy":"post_tag","embeddable":true,"href":"https:\/\/projetos.ese.ips.pt\/cctic\/index.php\/wp-json\/wp\/v2\/tags?post=1042"}],"curies":[{"name":"wp","href":"https:\/\/api.w.org\/{rel}","templated":true}]}}