{"id":1046,"date":"2024-02-13T23:31:10","date_gmt":"2024-02-13T23:31:10","guid":{"rendered":"https:\/\/projetos.ese.ips.pt\/cctic\/?p=1046"},"modified":"2024-02-13T23:31:12","modified_gmt":"2024-02-13T23:31:12","slug":"evento-regional-aveiro-e-coimbra-capacitacao-digital-das-escolas-transformacao-de-contextos-com-o-digital-desafios-e-oportunidades","status":"publish","type":"post","link":"https:\/\/projetos.ese.ips.pt\/cctic\/index.php\/2024\/02\/13\/evento-regional-aveiro-e-coimbra-capacitacao-digital-das-escolas-transformacao-de-contextos-com-o-digital-desafios-e-oportunidades\/","title":{"rendered":"Evento Regional Aveiro e Coimbra \u2013 Capacita\u00e7\u00e3o Digital das Escolas (Transforma\u00e7\u00e3o de Contextos com o Digital: Desafios e Oportunidades)"},"content":{"rendered":"\n<p>No passado dia 9 de fevereiro, estivemos no Evento Regional Capacita\u00e7\u00e3o Digital das Escolas (Transforma\u00e7\u00e3o de Contextos com o Digital: Desafios e Oportunidades), organizado pelos Centros de Compet\u00eancia TIC da Universidade de Aveiro e Softci\u00eancias.<\/p>\n\n\n\n<p>Durante o encontro, que decorreu na Universidade de Aveiro, tivemos a possibilidade de moderar os Laborat\u00f3rios de Di\u00e1logo &#8220;A intelig\u00eancia artificial no processo de ensino e aprendizagem&#8221; e &#8220;Reconfigurar Espa\u00e7os de Aprendizagem com o Digital&#8221;.<\/p>\n\n\n\n<p>Muito obrigado \u00e0 organiza\u00e7\u00e3o pelo convite, pela confian\u00e7a no nosso trabalho e pela forma como nos receberam.<\/p>\n\n\n\n<figure class=\"wp-block-gallery columns-2 is-cropped\"><ul class=\"blocks-gallery-grid\"><li class=\"blocks-gallery-item\"><figure><img loading=\"lazy\" width=\"1024\" height=\"768\" src=\"https:\/\/projetos.ese.ips.pt\/cctic\/wp-content\/uploads\/2024\/02\/regional_1-1024x768.jpg\" alt=\"\" data-id=\"1047\" data-full-url=\"https:\/\/projetos.ese.ips.pt\/cctic\/wp-content\/uploads\/2024\/02\/regional_1.jpg\" data-link=\"https:\/\/projetos.ese.ips.pt\/cctic\/?attachment_id=1047\" class=\"wp-image-1047\" srcset=\"https:\/\/projetos.ese.ips.pt\/cctic\/wp-content\/uploads\/2024\/02\/regional_1-1024x768.jpg 1024w, https:\/\/projetos.ese.ips.pt\/cctic\/wp-content\/uploads\/2024\/02\/regional_1-300x225.jpg 300w, https:\/\/projetos.ese.ips.pt\/cctic\/wp-content\/uploads\/2024\/02\/regional_1-768x576.jpg 768w, https:\/\/projetos.ese.ips.pt\/cctic\/wp-content\/uploads\/2024\/02\/regional_1-1536x1152.jpg 1536w, https:\/\/projetos.ese.ips.pt\/cctic\/wp-content\/uploads\/2024\/02\/regional_1-676x507.jpg 676w, https:\/\/projetos.ese.ips.pt\/cctic\/wp-content\/uploads\/2024\/02\/regional_1.jpg 2048w\" sizes=\"(max-width: 1024px) 100vw, 1024px\" \/><\/figure><\/li><li class=\"blocks-gallery-item\"><figure><img loading=\"lazy\" width=\"1024\" height=\"768\" src=\"https:\/\/projetos.ese.ips.pt\/cctic\/wp-content\/uploads\/2024\/02\/regional_2-1024x768.jpg\" alt=\"\" data-id=\"1048\" data-full-url=\"https:\/\/projetos.ese.ips.pt\/cctic\/wp-content\/uploads\/2024\/02\/regional_2.jpg\" data-link=\"https:\/\/projetos.ese.ips.pt\/cctic\/?attachment_id=1048\" class=\"wp-image-1048\" srcset=\"https:\/\/projetos.ese.ips.pt\/cctic\/wp-content\/uploads\/2024\/02\/regional_2-1024x768.jpg 1024w, https:\/\/projetos.ese.ips.pt\/cctic\/wp-content\/uploads\/2024\/02\/regional_2-300x225.jpg 300w, https:\/\/projetos.ese.ips.pt\/cctic\/wp-content\/uploads\/2024\/02\/regional_2-768x576.jpg 768w, https:\/\/projetos.ese.ips.pt\/cctic\/wp-content\/uploads\/2024\/02\/regional_2-1536x1152.jpg 1536w, https:\/\/projetos.ese.ips.pt\/cctic\/wp-content\/uploads\/2024\/02\/regional_2-676x507.jpg 676w, https:\/\/projetos.ese.ips.pt\/cctic\/wp-content\/uploads\/2024\/02\/regional_2.jpg 2048w\" sizes=\"(max-width: 1024px) 100vw, 1024px\" \/><\/figure><\/li><\/ul><\/figure>\n","protected":false},"excerpt":{"rendered":"<p>No passado dia 9 de fevereiro, estivemos no Evento Regional Capacita\u00e7\u00e3o Digital das Escolas (Transforma\u00e7\u00e3o de Contextos com o Digital: Desafios e Oportunidades), organizado pelos Centros de Compet\u00eancia TIC da Universidade de Aveiro e Softci\u00eancias. Durante o encontro, que decorreu na Universidade de Aveiro, tivemos a possibilidade de moderar os Laborat\u00f3rios de Di\u00e1logo &#8220;A intelig\u00eancia [&hellip;]<\/p>\n","protected":false},"author":2,"featured_media":0,"comment_status":"open","ping_status":"open","sticky":false,"template":"","format":"standard","meta":[],"categories":[1],"tags":[],"_links":{"self":[{"href":"https:\/\/projetos.ese.ips.pt\/cctic\/index.php\/wp-json\/wp\/v2\/posts\/1046"}],"collection":[{"href":"https:\/\/projetos.ese.ips.pt\/cctic\/index.php\/wp-json\/wp\/v2\/posts"}],"about":[{"href":"https:\/\/projetos.ese.ips.pt\/cctic\/index.php\/wp-json\/wp\/v2\/types\/post"}],"author":[{"embeddable":true,"href":"https:\/\/projetos.ese.ips.pt\/cctic\/index.php\/wp-json\/wp\/v2\/users\/2"}],"replies":[{"embeddable":true,"href":"https:\/\/projetos.ese.ips.pt\/cctic\/index.php\/wp-json\/wp\/v2\/comments?post=1046"}],"version-history":[{"count":2,"href":"https:\/\/projetos.ese.ips.pt\/cctic\/index.php\/wp-json\/wp\/v2\/posts\/1046\/revisions"}],"predecessor-version":[{"id":1050,"href":"https:\/\/projetos.ese.ips.pt\/cctic\/index.php\/wp-json\/wp\/v2\/posts\/1046\/revisions\/1050"}],"wp:attachment":[{"href":"https:\/\/projetos.ese.ips.pt\/cctic\/index.php\/wp-json\/wp\/v2\/media?parent=1046"}],"wp:term":[{"taxonomy":"category","embeddable":true,"href":"https:\/\/projetos.ese.ips.pt\/cctic\/index.php\/wp-json\/wp\/v2\/categories?post=1046"},{"taxonomy":"post_tag","embeddable":true,"href":"https:\/\/projetos.ese.ips.pt\/cctic\/index.php\/wp-json\/wp\/v2\/tags?post=1046"}],"curies":[{"name":"wp","href":"https:\/\/api.w.org\/{rel}","templated":true}]}}