{"id":1052,"date":"2024-02-13T10:57:00","date_gmt":"2024-02-13T10:57:00","guid":{"rendered":"https:\/\/projetos.ese.ips.pt\/cctic\/?p=1052"},"modified":"2024-02-13T11:03:43","modified_gmt":"2024-02-13T11:03:43","slug":"sessao-de-mentoria-ppmd-agrupamento-de-escolas-paulo-da-gama","status":"publish","type":"post","link":"https:\/\/projetos.ese.ips.pt\/cctic\/index.php\/2024\/02\/13\/sessao-de-mentoria-ppmd-agrupamento-de-escolas-paulo-da-gama\/","title":{"rendered":"Sess\u00e3o de Mentoria PPMD &#8211; Agrupamento de Escolas Paulo da Gama"},"content":{"rendered":"\n<div class=\"wp-block-columns\">\n<div class=\"wp-block-column\">\n<figure class=\"wp-block-gallery columns-2 is-cropped\"><ul class=\"blocks-gallery-grid\"><li class=\"blocks-gallery-item\"><figure><img loading=\"lazy\" width=\"1024\" height=\"794\" src=\"https:\/\/projetos.ese.ips.pt\/cctic\/wp-content\/uploads\/2024\/02\/Screenshot-2024-02-12-at-20.32.01-1024x794.png\" alt=\"\" data-id=\"1054\" data-full-url=\"https:\/\/projetos.ese.ips.pt\/cctic\/wp-content\/uploads\/2024\/02\/Screenshot-2024-02-12-at-20.32.01.png\" data-link=\"https:\/\/projetos.ese.ips.pt\/cctic\/index.php\/2024\/02\/13\/sessao-de-mentoria-ppmd-agrupamento-de-escolas-paulo-da-gama\/screenshot-2024-02-12-at-20-32-01\/\" class=\"wp-image-1054\" srcset=\"https:\/\/projetos.ese.ips.pt\/cctic\/wp-content\/uploads\/2024\/02\/Screenshot-2024-02-12-at-20.32.01-1024x794.png 1024w, https:\/\/projetos.ese.ips.pt\/cctic\/wp-content\/uploads\/2024\/02\/Screenshot-2024-02-12-at-20.32.01-300x233.png 300w, https:\/\/projetos.ese.ips.pt\/cctic\/wp-content\/uploads\/2024\/02\/Screenshot-2024-02-12-at-20.32.01-768x596.png 768w, https:\/\/projetos.ese.ips.pt\/cctic\/wp-content\/uploads\/2024\/02\/Screenshot-2024-02-12-at-20.32.01-676x524.png 676w, https:\/\/projetos.ese.ips.pt\/cctic\/wp-content\/uploads\/2024\/02\/Screenshot-2024-02-12-at-20.32.01.png 1185w\" sizes=\"(max-width: 1024px) 100vw, 1024px\" \/><\/figure><\/li><li class=\"blocks-gallery-item\"><figure><img loading=\"lazy\" width=\"1024\" height=\"541\" src=\"https:\/\/projetos.ese.ips.pt\/cctic\/wp-content\/uploads\/2024\/02\/Screenshot-2024-02-12-at-20.32.22-1024x541.png\" alt=\"\" data-id=\"1055\" data-full-url=\"https:\/\/projetos.ese.ips.pt\/cctic\/wp-content\/uploads\/2024\/02\/Screenshot-2024-02-12-at-20.32.22.png\" data-link=\"https:\/\/projetos.ese.ips.pt\/cctic\/index.php\/2024\/02\/13\/sessao-de-mentoria-ppmd-agrupamento-de-escolas-paulo-da-gama\/screenshot-2024-02-12-at-20-32-22\/\" class=\"wp-image-1055\" srcset=\"https:\/\/projetos.ese.ips.pt\/cctic\/wp-content\/uploads\/2024\/02\/Screenshot-2024-02-12-at-20.32.22-1024x541.png 1024w, https:\/\/projetos.ese.ips.pt\/cctic\/wp-content\/uploads\/2024\/02\/Screenshot-2024-02-12-at-20.32.22-300x159.png 300w, https:\/\/projetos.ese.ips.pt\/cctic\/wp-content\/uploads\/2024\/02\/Screenshot-2024-02-12-at-20.32.22-768x406.png 768w, https:\/\/projetos.ese.ips.pt\/cctic\/wp-content\/uploads\/2024\/02\/Screenshot-2024-02-12-at-20.32.22-1536x812.png 1536w, https:\/\/projetos.ese.ips.pt\/cctic\/wp-content\/uploads\/2024\/02\/Screenshot-2024-02-12-at-20.32.22-2048x1083.png 2048w, https:\/\/projetos.ese.ips.pt\/cctic\/wp-content\/uploads\/2024\/02\/Screenshot-2024-02-12-at-20.32.22-676x357.png 676w\" sizes=\"(max-width: 1024px) 100vw, 1024px\" \/><\/figure><\/li><\/ul><\/figure>\n<\/div>\n<\/div>\n\n\n\n<p>Foi num ambiente de muita aprendizagem e partilha que decorreu, na escola sede do Agrupamento de Escolas Paulo da Gama, no Seixal,  a terceira sess\u00e3o do grupo de mentoria, de que fazem parte o Agrupamento de Escolas Maria do Carmo Serrote, o Agrupamento de Escolas Paulo da Gama, o Agrupamento de Escolas de Pinhal de Frades, o Agrupamento de Escolas de Sampaio e o Agrupamento de Escolas Navegador Rodrigues Soromenho, o qual conta ainda com a participa\u00e7\u00e3o das equipas do Agrupamento de Escolas de Vale de Milha\u00e7os e  do Agrupamento de Escolas Pedro Eanes Lobato, como escolas observadoras.<\/p>\n\n\n\n<p>Para al\u00e9m da visita ao espa\u00e7o, onde \u00e9 implementado o projeto piloto de manuais digitais (PPMD), os elementos das equipas puderam conhecer outro, ainda em desenvolvimento, que dar\u00e1 lugar ao espa\u00e7o inovador de aprendizagem deste agrupamento, e conversar com alguns dos alunos envolvidos neste projeto.<\/p>\n\n\n\n<p>Durante a sess\u00e3o, foi realizado um workshop sobre a tem\u00e1tica &#8220;Metodologias Ativas&#8221;, no qual os presentes, tendo como base o modelo de rota\u00e7\u00e3o por esta\u00e7\u00f5es, visualizaram alguns v\u00eddeos com exemplos concretos de pr\u00e1ticas do agrupamento anfitri\u00e3o, que recorrem a diferentes metodologias ativas, como por exemplo a gamifica\u00e7\u00e3o, a aprendizagem por projeto ou a aprendizagem a partir de investiga\u00e7\u00e3o.<\/p>\n\n\n\n<p>Ap\u00f3s o workshop, foi realizada uma reflex\u00e3o, a qual foi registada num padlet conjunto partilhado com todos os elementos das escolas envolvidas.<\/p>\n\n\n\n<p>O CCTIC congratula, mais uma vez, todos os envolvidos, principalmente a escola anfitri\u00e3 que, apesar dos v\u00e1rios obst\u00e1culos com que se tem deparado, ao longo do seu caminho, tem encontrado solu\u00e7\u00f5es para os ultrapassar e desta forma crescer em conjunto com todas as escolas desta comunidade que \u00e9 o projeto PPMD. <\/p>\n\n\n\n<figure class=\"wp-block-image size-full\"><img loading=\"lazy\" width=\"1006\" height=\"970\" src=\"https:\/\/projetos.ese.ips.pt\/cctic\/wp-content\/uploads\/2024\/02\/Screenshot-2024-02-12-at-20.32.52-1-e1707822068159-1024x988-1.png\" alt=\"\" class=\"wp-image-1064\" srcset=\"https:\/\/projetos.ese.ips.pt\/cctic\/wp-content\/uploads\/2024\/02\/Screenshot-2024-02-12-at-20.32.52-1-e1707822068159-1024x988-1.png 1006w, https:\/\/projetos.ese.ips.pt\/cctic\/wp-content\/uploads\/2024\/02\/Screenshot-2024-02-12-at-20.32.52-1-e1707822068159-1024x988-1-300x289.png 300w, https:\/\/projetos.ese.ips.pt\/cctic\/wp-content\/uploads\/2024\/02\/Screenshot-2024-02-12-at-20.32.52-1-e1707822068159-1024x988-1-768x741.png 768w, https:\/\/projetos.ese.ips.pt\/cctic\/wp-content\/uploads\/2024\/02\/Screenshot-2024-02-12-at-20.32.52-1-e1707822068159-1024x988-1-676x652.png 676w\" sizes=\"(max-width: 1006px) 100vw, 1006px\" \/><\/figure>\n","protected":false},"excerpt":{"rendered":"<p>Foi num ambiente de muita aprendizagem e partilha que decorreu, na escola sede do Agrupamento de Escolas Paulo da Gama, no Seixal, a terceira sess\u00e3o do grupo de mentoria, de que fazem parte o Agrupamento de Escolas Maria do Carmo Serrote, o Agrupamento de Escolas Paulo da Gama, o Agrupamento de Escolas de Pinhal de [&hellip;]<\/p>\n","protected":false},"author":3,"featured_media":0,"comment_status":"open","ping_status":"open","sticky":false,"template":"","format":"standard","meta":[],"categories":[7],"tags":[],"_links":{"self":[{"href":"https:\/\/projetos.ese.ips.pt\/cctic\/index.php\/wp-json\/wp\/v2\/posts\/1052"}],"collection":[{"href":"https:\/\/projetos.ese.ips.pt\/cctic\/index.php\/wp-json\/wp\/v2\/posts"}],"about":[{"href":"https:\/\/projetos.ese.ips.pt\/cctic\/index.php\/wp-json\/wp\/v2\/types\/post"}],"author":[{"embeddable":true,"href":"https:\/\/projetos.ese.ips.pt\/cctic\/index.php\/wp-json\/wp\/v2\/users\/3"}],"replies":[{"embeddable":true,"href":"https:\/\/projetos.ese.ips.pt\/cctic\/index.php\/wp-json\/wp\/v2\/comments?post=1052"}],"version-history":[{"count":6,"href":"https:\/\/projetos.ese.ips.pt\/cctic\/index.php\/wp-json\/wp\/v2\/posts\/1052\/revisions"}],"predecessor-version":[{"id":1065,"href":"https:\/\/projetos.ese.ips.pt\/cctic\/index.php\/wp-json\/wp\/v2\/posts\/1052\/revisions\/1065"}],"wp:attachment":[{"href":"https:\/\/projetos.ese.ips.pt\/cctic\/index.php\/wp-json\/wp\/v2\/media?parent=1052"}],"wp:term":[{"taxonomy":"category","embeddable":true,"href":"https:\/\/projetos.ese.ips.pt\/cctic\/index.php\/wp-json\/wp\/v2\/categories?post=1052"},{"taxonomy":"post_tag","embeddable":true,"href":"https:\/\/projetos.ese.ips.pt\/cctic\/index.php\/wp-json\/wp\/v2\/tags?post=1052"}],"curies":[{"name":"wp","href":"https:\/\/api.w.org\/{rel}","templated":true}]}}