{"id":1084,"date":"2024-02-23T13:09:14","date_gmt":"2024-02-23T13:09:14","guid":{"rendered":"https:\/\/projetos.ese.ips.pt\/cctic\/?p=1084"},"modified":"2024-02-28T08:50:41","modified_gmt":"2024-02-28T08:50:41","slug":"sessoes-de-partilha-no-ambito-da-iniciativa-lideres-digitais","status":"publish","type":"post","link":"https:\/\/projetos.ese.ips.pt\/cctic\/index.php\/2024\/02\/23\/sessoes-de-partilha-no-ambito-da-iniciativa-lideres-digitais\/","title":{"rendered":"Sess\u00f5es de Partilha no \u00e2mbito da Iniciativa L\u00edderes Digitais"},"content":{"rendered":"\n<p>Decorreram no dia 21 de fevereiro as duas primeiras sess\u00f5es de partilha no \u00e2mbito da iniciativa <a href=\"https:\/\/www.seguranet.pt\/lideres-digitais\">L\u00edderes Digitais<\/a>, uma iniciativa da Dire\u00e7\u00e3o Geral de Educa\u00e7\u00e3o dinamizada de forma colaborativa pelos centros de compet\u00eancia TIC , CCTIC- ESE\/IPS, de Set\u00fabal, e CCTIC-UA da Universidade de Aveiro.<\/p>\n\n\n\n<p>Durante esta sess\u00e3o, os alunos, que se encontram a planificar e a dinamizar diversas atividades relativas \u00e0 cidadania digital nas suas escolas, puderam partilhar com colegas de todo o pa\u00eds essas mesmas atividades, promovendo assim n\u00e3o s\u00f3 a colabora\u00e7\u00e3o entre escolas, mas tamb\u00e9m a motiva\u00e7\u00e3o para aqueles que se encontram ainda numa fase inicial deste projeto.<\/p>\n\n\n\n<p>Na sess\u00e3o dos L\u00edderes Digitais (alunos que frequentam o terceiro ciclo e secund\u00e1rio)  a modera\u00e7\u00e3o foi realizada pelos alunos Ant\u00f3nio Silva e Salvador Correia, do Agrupamento de Escolas de Sampaio, que apresentaram  as partilhas de alunos do Agrupamentos de Escolas de Arronches&nbsp;, da Escola Secund\u00e1ria Henrique Medina, da Escola Secund\u00e1ria Maria Am\u00e1lia Vaz de Carvalho&nbsp;, do Agrupamento de Escolas Artur Gon\u00e7alves&nbsp; e do Agrupamento de Escolas de Vagos. Esta sess\u00e3o contou ainda com a presen\u00e7a e coment\u00e1rios do  Dr. Lu\u00eds Fernandes, psic\u00f3logo educacional e mestre em Observa\u00e7\u00e3o e An\u00e1lise da Rela\u00e7\u00e3o Educativa.<\/p>\n\n\n\n<p>A sess\u00e3o dos L\u00edderes Digitais Benjamins (dos 1.\u00ba e 2.\u00ba ciclo) foi moderada pelos alunos Jo\u00e3o Rodrigo Neves e Laura Valente Pereira (Agrupamento de Escolas de \u00cdlhavo) e Santiago Louren\u00e7o (AE de Tarouca), tendo sido realizadas partilhas por equipas de alunos do Agrupamento de Escolas Severim de Faria, \u00a0do Agrupamento de Escolas Artur Gon\u00e7alves de Torres Novas, do Agrupamento de Escolas de S\u00e3o Martinho\u00a0 e da Escola b\u00e1sica e secund\u00e1ria de Santa Cruz. Nesta sess\u00e3o esteve presente a Dr.\u00aa Teresa Sofia Castro, professora e investigadora na Universidade Lus\u00f3fona, Centro Universit\u00e1rio do Porto e membro integrado do seu centro de investiga\u00e7\u00e3o CICANT.\u00a0<\/p>\n\n\n\n<p>Ambas as sess\u00f5es foram muito interessantes e conseguiram mostrar que os alunos e professores envolvidos neste projeto t\u00eam conseguido fazer a diferen\u00e7a e levar assuntos relacionados com a cidadania digital, n\u00e3o s\u00f3 aos seus pares nas suas escolas, mas tamb\u00e9m a todos os elementos das suas comunidade.<\/p>\n\n\n\n<p>Parab\u00e9ns a todos pelo trabalho desenvolvido e um muito obrigada aos nossos moderadores e convidados.<\/p>\n\n\n\n<div class=\"wp-block-columns\">\n<div class=\"wp-block-column\" style=\"flex-basis:100%\">\n<figure class=\"wp-block-image size-large\"><img loading=\"lazy\" width=\"1024\" height=\"542\" src=\"https:\/\/projetos.ese.ips.pt\/cctic\/wp-content\/uploads\/2024\/02\/Screenshot-2024-02-22-at-14.48.21-1024x542.png\" alt=\"\" class=\"wp-image-1085\" srcset=\"https:\/\/projetos.ese.ips.pt\/cctic\/wp-content\/uploads\/2024\/02\/Screenshot-2024-02-22-at-14.48.21-1024x542.png 1024w, https:\/\/projetos.ese.ips.pt\/cctic\/wp-content\/uploads\/2024\/02\/Screenshot-2024-02-22-at-14.48.21-300x159.png 300w, https:\/\/projetos.ese.ips.pt\/cctic\/wp-content\/uploads\/2024\/02\/Screenshot-2024-02-22-at-14.48.21-768x406.png 768w, https:\/\/projetos.ese.ips.pt\/cctic\/wp-content\/uploads\/2024\/02\/Screenshot-2024-02-22-at-14.48.21-1536x813.png 1536w, https:\/\/projetos.ese.ips.pt\/cctic\/wp-content\/uploads\/2024\/02\/Screenshot-2024-02-22-at-14.48.21-2048x1084.png 2048w, https:\/\/projetos.ese.ips.pt\/cctic\/wp-content\/uploads\/2024\/02\/Screenshot-2024-02-22-at-14.48.21-676x358.png 676w\" sizes=\"(max-width: 1024px) 100vw, 1024px\" \/><\/figure>\n\n\n\n<figure class=\"wp-block-image size-large\"><img loading=\"lazy\" width=\"1024\" height=\"527\" src=\"https:\/\/projetos.ese.ips.pt\/cctic\/wp-content\/uploads\/2024\/02\/Screenshot-2024-02-22-at-14.51.20-1024x527.png\" alt=\"\" class=\"wp-image-1086\" srcset=\"https:\/\/projetos.ese.ips.pt\/cctic\/wp-content\/uploads\/2024\/02\/Screenshot-2024-02-22-at-14.51.20-1024x527.png 1024w, https:\/\/projetos.ese.ips.pt\/cctic\/wp-content\/uploads\/2024\/02\/Screenshot-2024-02-22-at-14.51.20-300x154.png 300w, https:\/\/projetos.ese.ips.pt\/cctic\/wp-content\/uploads\/2024\/02\/Screenshot-2024-02-22-at-14.51.20-768x395.png 768w, https:\/\/projetos.ese.ips.pt\/cctic\/wp-content\/uploads\/2024\/02\/Screenshot-2024-02-22-at-14.51.20-1536x791.png 1536w, https:\/\/projetos.ese.ips.pt\/cctic\/wp-content\/uploads\/2024\/02\/Screenshot-2024-02-22-at-14.51.20-2048x1054.png 2048w, https:\/\/projetos.ese.ips.pt\/cctic\/wp-content\/uploads\/2024\/02\/Screenshot-2024-02-22-at-14.51.20-676x348.png 676w\" sizes=\"(max-width: 1024px) 100vw, 1024px\" \/><\/figure>\n<\/div>\n<\/div>\n\n\n\n<p>&nbsp;<\/p>\n","protected":false},"excerpt":{"rendered":"<p>Decorreram no dia 21 de fevereiro as duas primeiras sess\u00f5es de partilha no \u00e2mbito da iniciativa L\u00edderes Digitais, uma iniciativa da Dire\u00e7\u00e3o Geral de Educa\u00e7\u00e3o dinamizada de forma colaborativa pelos centros de compet\u00eancia TIC , CCTIC- ESE\/IPS, de Set\u00fabal, e CCTIC-UA da Universidade de Aveiro. Durante esta sess\u00e3o, os alunos, que se encontram a planificar [&hellip;]<\/p>\n","protected":false},"author":3,"featured_media":0,"comment_status":"open","ping_status":"open","sticky":false,"template":"","format":"standard","meta":[],"categories":[1],"tags":[],"_links":{"self":[{"href":"https:\/\/projetos.ese.ips.pt\/cctic\/index.php\/wp-json\/wp\/v2\/posts\/1084"}],"collection":[{"href":"https:\/\/projetos.ese.ips.pt\/cctic\/index.php\/wp-json\/wp\/v2\/posts"}],"about":[{"href":"https:\/\/projetos.ese.ips.pt\/cctic\/index.php\/wp-json\/wp\/v2\/types\/post"}],"author":[{"embeddable":true,"href":"https:\/\/projetos.ese.ips.pt\/cctic\/index.php\/wp-json\/wp\/v2\/users\/3"}],"replies":[{"embeddable":true,"href":"https:\/\/projetos.ese.ips.pt\/cctic\/index.php\/wp-json\/wp\/v2\/comments?post=1084"}],"version-history":[{"count":3,"href":"https:\/\/projetos.ese.ips.pt\/cctic\/index.php\/wp-json\/wp\/v2\/posts\/1084\/revisions"}],"predecessor-version":[{"id":1097,"href":"https:\/\/projetos.ese.ips.pt\/cctic\/index.php\/wp-json\/wp\/v2\/posts\/1084\/revisions\/1097"}],"wp:attachment":[{"href":"https:\/\/projetos.ese.ips.pt\/cctic\/index.php\/wp-json\/wp\/v2\/media?parent=1084"}],"wp:term":[{"taxonomy":"category","embeddable":true,"href":"https:\/\/projetos.ese.ips.pt\/cctic\/index.php\/wp-json\/wp\/v2\/categories?post=1084"},{"taxonomy":"post_tag","embeddable":true,"href":"https:\/\/projetos.ese.ips.pt\/cctic\/index.php\/wp-json\/wp\/v2\/tags?post=1084"}],"curies":[{"name":"wp","href":"https:\/\/api.w.org\/{rel}","templated":true}]}}