{"id":1088,"date":"2024-02-23T13:06:30","date_gmt":"2024-02-23T13:06:30","guid":{"rendered":"https:\/\/projetos.ese.ips.pt\/cctic\/?p=1088"},"modified":"2024-02-23T13:06:32","modified_gmt":"2024-02-23T13:06:32","slug":"capacitacao-digital-das-escolas-transformacao-de-contextos-com-o-digital-desafios-e-oportunidades","status":"publish","type":"post","link":"https:\/\/projetos.ese.ips.pt\/cctic\/index.php\/2024\/02\/23\/capacitacao-digital-das-escolas-transformacao-de-contextos-com-o-digital-desafios-e-oportunidades\/","title":{"rendered":"Capacita\u00e7\u00e3o Digital das Escolas &#8211; Transforma\u00e7\u00e3o de Contextos com o Digital: Desafios e Oportunidades"},"content":{"rendered":"\n<p>O CCTIC-ESE\/IPS esteve presente no Evento Regional de Lisboa que decorreu no dia 21 de fevereiro na Escola B\u00e1sica e Secund\u00e1ria D. Martinho Vaz de Castelo Branco do Agrupamento de Escolas P\u00f3voa de Santa Iria. <br>Neste evento, dire\u00e7\u00f5es dos agrupamentos e elementos das Equipas PADDE foram convidados a refletir sobre diversas quest\u00f5es relacionadas com a utiliza\u00e7\u00e3o do digital e o plano de transi\u00e7\u00e3o digital que ocorre nas escolas. <\/p>\n\n\n\n<p>A professora Ana Chambel, em conjunto com a Embaixadora Digital do Centro de Forma\u00e7\u00e3o Cenfores, a professora Maria Jo\u00e3o Pereira, moderou um laborat\u00f3rio de di\u00e1logo alusivo ao tema: <em>&#8220;O&nbsp;<strong>PADDE&nbsp;<\/strong>como estrat\u00e9gia de desenvolvimento digital da escola&#8221;. <\/em><\/p>\n\n\n\n<p>Esperamos ter contribu\u00eddo desta forma para a reflex\u00e3o e para a mudan\u00e7a de pr\u00e1ticas nos nossos agrupamentos e nas nossas escolas, levando assim \u00e0 implementa\u00e7\u00e3o &#8220;descomplicada&#8221; do digital no dia a dia dos alunos e professores.<\/p>\n\n\n\n<figure class=\"wp-block-image size-large\"><img loading=\"lazy\" width=\"1024\" height=\"461\" src=\"https:\/\/projetos.ese.ips.pt\/cctic\/wp-content\/uploads\/2024\/02\/IMG20240221142545-1024x461.jpg\" alt=\"\" class=\"wp-image-1089\" srcset=\"https:\/\/projetos.ese.ips.pt\/cctic\/wp-content\/uploads\/2024\/02\/IMG20240221142545-1024x461.jpg 1024w, https:\/\/projetos.ese.ips.pt\/cctic\/wp-content\/uploads\/2024\/02\/IMG20240221142545-300x135.jpg 300w, https:\/\/projetos.ese.ips.pt\/cctic\/wp-content\/uploads\/2024\/02\/IMG20240221142545-768x345.jpg 768w, https:\/\/projetos.ese.ips.pt\/cctic\/wp-content\/uploads\/2024\/02\/IMG20240221142545-1536x691.jpg 1536w, https:\/\/projetos.ese.ips.pt\/cctic\/wp-content\/uploads\/2024\/02\/IMG20240221142545-2048x921.jpg 2048w, https:\/\/projetos.ese.ips.pt\/cctic\/wp-content\/uploads\/2024\/02\/IMG20240221142545-676x304.jpg 676w\" sizes=\"(max-width: 1024px) 100vw, 1024px\" \/><\/figure>\n","protected":false},"excerpt":{"rendered":"<p>O CCTIC-ESE\/IPS esteve presente no Evento Regional de Lisboa que decorreu no dia 21 de fevereiro na Escola B\u00e1sica e Secund\u00e1ria D. Martinho Vaz de Castelo Branco do Agrupamento de Escolas P\u00f3voa de Santa Iria. Neste evento, dire\u00e7\u00f5es dos agrupamentos e elementos das Equipas PADDE foram convidados a refletir sobre diversas quest\u00f5es relacionadas com a [&hellip;]<\/p>\n","protected":false},"author":3,"featured_media":0,"comment_status":"open","ping_status":"open","sticky":false,"template":"","format":"standard","meta":[],"categories":[1],"tags":[],"_links":{"self":[{"href":"https:\/\/projetos.ese.ips.pt\/cctic\/index.php\/wp-json\/wp\/v2\/posts\/1088"}],"collection":[{"href":"https:\/\/projetos.ese.ips.pt\/cctic\/index.php\/wp-json\/wp\/v2\/posts"}],"about":[{"href":"https:\/\/projetos.ese.ips.pt\/cctic\/index.php\/wp-json\/wp\/v2\/types\/post"}],"author":[{"embeddable":true,"href":"https:\/\/projetos.ese.ips.pt\/cctic\/index.php\/wp-json\/wp\/v2\/users\/3"}],"replies":[{"embeddable":true,"href":"https:\/\/projetos.ese.ips.pt\/cctic\/index.php\/wp-json\/wp\/v2\/comments?post=1088"}],"version-history":[{"count":4,"href":"https:\/\/projetos.ese.ips.pt\/cctic\/index.php\/wp-json\/wp\/v2\/posts\/1088\/revisions"}],"predecessor-version":[{"id":1094,"href":"https:\/\/projetos.ese.ips.pt\/cctic\/index.php\/wp-json\/wp\/v2\/posts\/1088\/revisions\/1094"}],"wp:attachment":[{"href":"https:\/\/projetos.ese.ips.pt\/cctic\/index.php\/wp-json\/wp\/v2\/media?parent=1088"}],"wp:term":[{"taxonomy":"category","embeddable":true,"href":"https:\/\/projetos.ese.ips.pt\/cctic\/index.php\/wp-json\/wp\/v2\/categories?post=1088"},{"taxonomy":"post_tag","embeddable":true,"href":"https:\/\/projetos.ese.ips.pt\/cctic\/index.php\/wp-json\/wp\/v2\/tags?post=1088"}],"curies":[{"name":"wp","href":"https:\/\/api.w.org\/{rel}","templated":true}]}}