{"id":1110,"date":"2024-02-29T17:18:42","date_gmt":"2024-02-29T17:18:42","guid":{"rendered":"https:\/\/projetos.ese.ips.pt\/cctic\/?p=1110"},"modified":"2024-02-29T17:18:43","modified_gmt":"2024-02-29T17:18:43","slug":"capacitacao-digital-das-escolas-transformacao-de-contextos-com-o-digital-desafios-e-oportunidades-lisboa-2","status":"publish","type":"post","link":"https:\/\/projetos.ese.ips.pt\/cctic\/index.php\/2024\/02\/29\/capacitacao-digital-das-escolas-transformacao-de-contextos-com-o-digital-desafios-e-oportunidades-lisboa-2\/","title":{"rendered":"Capacita\u00e7\u00e3o Digital das Escolas &#8211; Transforma\u00e7\u00e3o de Contextos com o Digital: Desafios e Oportunidades &#8211; Lisboa 2"},"content":{"rendered":"\n<p>Desta vez, foi a Escola Secund\u00e1ria Lu\u00eds de Freitas Branco que acolheu mais um Evento Regional, no \u00e2mbito do Plano de Transi\u00e7\u00e3o Digital. Este evento, o segundo dirigido a membros das dire\u00e7\u00f5es e equipas PADDE da regi\u00e3o de Lisboa e organizado pelo Centro de Compet\u00eancia\u00a0em\u00a0Tecnologias e Inova\u00e7\u00e3o\u00a0 do Instituto de Educa\u00e7\u00e3o da Universidade de Lisboa (C2Ti),  p\u00f4de contar com a presen\u00e7a do professor Dr.  Nuno Dorotea, do Instituto de Educa\u00e7\u00e3o da Universidade de Lisboa, o qual realizou uma apresenta\u00e7\u00e3o sob a tem\u00e1tica : <strong>Intelig\u00eancia Artificial no Apoio \u00e0 pr\u00e1tica docente<\/strong>. <\/p>\n\n\n\n<p>Ap\u00f3s um momento de partilha de pr\u00e1ticas, foram realizadas sess\u00f5es  de reflex\u00e3o conjunta em sala paralelas, partindo de cen\u00e1rios de discuss\u00e3o. <\/p>\n\n\n\n<p>A professora Ana Chambel, em conjunto com a Embaixadora Digital do CFAE Calvet de Magalh\u00e3es,  Adelina Oliveira,  moderou a sala em que a reflex\u00e3o incidiu sobre o tema &#8220;O PADDE como estrat\u00e9gia de desenvolvimento digital da escola&#8221;, sendo este mais um momento de partilha e crescimento entre escolas, que se encontram a fazer o mesmo caminho e que enfrentam desafios semelhantes.<\/p>\n\n\n\n<p>O Centro de Compet\u00eancia TIC de Set\u00fabal congratula os colegas do C2Ti pelo sucesso do evento e agradece, mais uma vez, a oportunidade de fazer parte da sua dinamiza\u00e7\u00e3o.<\/p>\n\n\n\n<figure class=\"wp-block-gallery columns-2 is-cropped\"><ul class=\"blocks-gallery-grid\"><li class=\"blocks-gallery-item\"><figure><img loading=\"lazy\" width=\"1024\" height=\"770\" src=\"https:\/\/projetos.ese.ips.pt\/cctic\/wp-content\/uploads\/2024\/02\/C2tc1-1024x770.jpg\" alt=\"\" data-id=\"1111\" data-full-url=\"https:\/\/projetos.ese.ips.pt\/cctic\/wp-content\/uploads\/2024\/02\/C2tc1-scaled.jpg\" data-link=\"https:\/\/projetos.ese.ips.pt\/cctic\/?attachment_id=1111\" class=\"wp-image-1111\" srcset=\"https:\/\/projetos.ese.ips.pt\/cctic\/wp-content\/uploads\/2024\/02\/C2tc1-1024x770.jpg 1024w, https:\/\/projetos.ese.ips.pt\/cctic\/wp-content\/uploads\/2024\/02\/C2tc1-300x226.jpg 300w, https:\/\/projetos.ese.ips.pt\/cctic\/wp-content\/uploads\/2024\/02\/C2tc1-768x578.jpg 768w, https:\/\/projetos.ese.ips.pt\/cctic\/wp-content\/uploads\/2024\/02\/C2tc1-1536x1155.jpg 1536w, https:\/\/projetos.ese.ips.pt\/cctic\/wp-content\/uploads\/2024\/02\/C2tc1-2048x1540.jpg 2048w, https:\/\/projetos.ese.ips.pt\/cctic\/wp-content\/uploads\/2024\/02\/C2tc1-676x508.jpg 676w\" sizes=\"(max-width: 1024px) 100vw, 1024px\" \/><\/figure><\/li><li class=\"blocks-gallery-item\"><figure><img loading=\"lazy\" width=\"1024\" height=\"461\" src=\"https:\/\/projetos.ese.ips.pt\/cctic\/wp-content\/uploads\/2024\/02\/C2tic2-1024x461.jpg\" alt=\"\" data-id=\"1112\" data-full-url=\"https:\/\/projetos.ese.ips.pt\/cctic\/wp-content\/uploads\/2024\/02\/C2tic2-scaled.jpg\" data-link=\"https:\/\/projetos.ese.ips.pt\/cctic\/?attachment_id=1112\" class=\"wp-image-1112\" srcset=\"https:\/\/projetos.ese.ips.pt\/cctic\/wp-content\/uploads\/2024\/02\/C2tic2-1024x461.jpg 1024w, https:\/\/projetos.ese.ips.pt\/cctic\/wp-content\/uploads\/2024\/02\/C2tic2-300x135.jpg 300w, https:\/\/projetos.ese.ips.pt\/cctic\/wp-content\/uploads\/2024\/02\/C2tic2-768x345.jpg 768w, https:\/\/projetos.ese.ips.pt\/cctic\/wp-content\/uploads\/2024\/02\/C2tic2-1536x691.jpg 1536w, https:\/\/projetos.ese.ips.pt\/cctic\/wp-content\/uploads\/2024\/02\/C2tic2-2048x921.jpg 2048w, https:\/\/projetos.ese.ips.pt\/cctic\/wp-content\/uploads\/2024\/02\/C2tic2-676x304.jpg 676w\" sizes=\"(max-width: 1024px) 100vw, 1024px\" \/><\/figure><\/li><\/ul><\/figure>\n","protected":false},"excerpt":{"rendered":"<p>Desta vez, foi a Escola Secund\u00e1ria Lu\u00eds de Freitas Branco que acolheu mais um Evento Regional, no \u00e2mbito do Plano de Transi\u00e7\u00e3o Digital. Este evento, o segundo dirigido a membros das dire\u00e7\u00f5es e equipas PADDE da regi\u00e3o de Lisboa e organizado pelo Centro de Compet\u00eancia\u00a0em\u00a0Tecnologias e Inova\u00e7\u00e3o\u00a0 do Instituto de Educa\u00e7\u00e3o da Universidade de Lisboa [&hellip;]<\/p>\n","protected":false},"author":3,"featured_media":0,"comment_status":"open","ping_status":"open","sticky":false,"template":"","format":"standard","meta":[],"categories":[1],"tags":[],"_links":{"self":[{"href":"https:\/\/projetos.ese.ips.pt\/cctic\/index.php\/wp-json\/wp\/v2\/posts\/1110"}],"collection":[{"href":"https:\/\/projetos.ese.ips.pt\/cctic\/index.php\/wp-json\/wp\/v2\/posts"}],"about":[{"href":"https:\/\/projetos.ese.ips.pt\/cctic\/index.php\/wp-json\/wp\/v2\/types\/post"}],"author":[{"embeddable":true,"href":"https:\/\/projetos.ese.ips.pt\/cctic\/index.php\/wp-json\/wp\/v2\/users\/3"}],"replies":[{"embeddable":true,"href":"https:\/\/projetos.ese.ips.pt\/cctic\/index.php\/wp-json\/wp\/v2\/comments?post=1110"}],"version-history":[{"count":3,"href":"https:\/\/projetos.ese.ips.pt\/cctic\/index.php\/wp-json\/wp\/v2\/posts\/1110\/revisions"}],"predecessor-version":[{"id":1116,"href":"https:\/\/projetos.ese.ips.pt\/cctic\/index.php\/wp-json\/wp\/v2\/posts\/1110\/revisions\/1116"}],"wp:attachment":[{"href":"https:\/\/projetos.ese.ips.pt\/cctic\/index.php\/wp-json\/wp\/v2\/media?parent=1110"}],"wp:term":[{"taxonomy":"category","embeddable":true,"href":"https:\/\/projetos.ese.ips.pt\/cctic\/index.php\/wp-json\/wp\/v2\/categories?post=1110"},{"taxonomy":"post_tag","embeddable":true,"href":"https:\/\/projetos.ese.ips.pt\/cctic\/index.php\/wp-json\/wp\/v2\/tags?post=1110"}],"curies":[{"name":"wp","href":"https:\/\/api.w.org\/{rel}","templated":true}]}}