{"id":1126,"date":"2024-03-05T11:27:43","date_gmt":"2024-03-05T11:27:43","guid":{"rendered":"https:\/\/projetos.ese.ips.pt\/cctic\/?p=1126"},"modified":"2024-03-05T11:27:44","modified_gmt":"2024-03-05T11:27:44","slug":"capacitacao-digital-das-escolas-transformacao-de-contextos-com-o-digital-desafios-e-oportunidades-evora","status":"publish","type":"post","link":"https:\/\/projetos.ese.ips.pt\/cctic\/index.php\/2024\/03\/05\/capacitacao-digital-das-escolas-transformacao-de-contextos-com-o-digital-desafios-e-oportunidades-evora\/","title":{"rendered":"Capacita\u00e7\u00e3o Digital das Escolas &#8211; Transforma\u00e7\u00e3o de Contextos com o Digital: Desafios e Oportunidades -\u00c9vora"},"content":{"rendered":"\n<figure class=\"wp-block-gallery columns-2 is-cropped\"><ul class=\"blocks-gallery-grid\"><li class=\"blocks-gallery-item\"><figure><img loading=\"lazy\" width=\"1024\" height=\"768\" src=\"https:\/\/projetos.ese.ips.pt\/cctic\/wp-content\/uploads\/2024\/03\/WhatsApp-Image-2024-03-01-at-09.52.17-1024x768.jpeg\" alt=\"\" data-id=\"1127\" data-full-url=\"https:\/\/projetos.ese.ips.pt\/cctic\/wp-content\/uploads\/2024\/03\/WhatsApp-Image-2024-03-01-at-09.52.17.jpeg\" data-link=\"https:\/\/projetos.ese.ips.pt\/cctic\/?attachment_id=1127\" class=\"wp-image-1127\" srcset=\"https:\/\/projetos.ese.ips.pt\/cctic\/wp-content\/uploads\/2024\/03\/WhatsApp-Image-2024-03-01-at-09.52.17-1024x768.jpeg 1024w, https:\/\/projetos.ese.ips.pt\/cctic\/wp-content\/uploads\/2024\/03\/WhatsApp-Image-2024-03-01-at-09.52.17-300x225.jpeg 300w, https:\/\/projetos.ese.ips.pt\/cctic\/wp-content\/uploads\/2024\/03\/WhatsApp-Image-2024-03-01-at-09.52.17-768x576.jpeg 768w, https:\/\/projetos.ese.ips.pt\/cctic\/wp-content\/uploads\/2024\/03\/WhatsApp-Image-2024-03-01-at-09.52.17-1536x1152.jpeg 1536w, https:\/\/projetos.ese.ips.pt\/cctic\/wp-content\/uploads\/2024\/03\/WhatsApp-Image-2024-03-01-at-09.52.17-676x507.jpeg 676w, https:\/\/projetos.ese.ips.pt\/cctic\/wp-content\/uploads\/2024\/03\/WhatsApp-Image-2024-03-01-at-09.52.17.jpeg 1600w\" sizes=\"(max-width: 1024px) 100vw, 1024px\" \/><\/figure><\/li><li class=\"blocks-gallery-item\"><figure><img loading=\"lazy\" width=\"1024\" height=\"460\" src=\"https:\/\/projetos.ese.ips.pt\/cctic\/wp-content\/uploads\/2024\/03\/WhatsApp-Image-2024-03-01-at-11.47.51-1024x460.jpeg\" alt=\"\" data-id=\"1128\" data-full-url=\"https:\/\/projetos.ese.ips.pt\/cctic\/wp-content\/uploads\/2024\/03\/WhatsApp-Image-2024-03-01-at-11.47.51.jpeg\" data-link=\"https:\/\/projetos.ese.ips.pt\/cctic\/?attachment_id=1128\" class=\"wp-image-1128\" srcset=\"https:\/\/projetos.ese.ips.pt\/cctic\/wp-content\/uploads\/2024\/03\/WhatsApp-Image-2024-03-01-at-11.47.51-1024x460.jpeg 1024w, https:\/\/projetos.ese.ips.pt\/cctic\/wp-content\/uploads\/2024\/03\/WhatsApp-Image-2024-03-01-at-11.47.51-300x135.jpeg 300w, https:\/\/projetos.ese.ips.pt\/cctic\/wp-content\/uploads\/2024\/03\/WhatsApp-Image-2024-03-01-at-11.47.51-768x345.jpeg 768w, https:\/\/projetos.ese.ips.pt\/cctic\/wp-content\/uploads\/2024\/03\/WhatsApp-Image-2024-03-01-at-11.47.51-1536x690.jpeg 1536w, https:\/\/projetos.ese.ips.pt\/cctic\/wp-content\/uploads\/2024\/03\/WhatsApp-Image-2024-03-01-at-11.47.51-676x304.jpeg 676w, https:\/\/projetos.ese.ips.pt\/cctic\/wp-content\/uploads\/2024\/03\/WhatsApp-Image-2024-03-01-at-11.47.51.jpeg 1600w\" sizes=\"(max-width: 1024px) 100vw, 1024px\" \/><\/figure><\/li><\/ul><\/figure>\n\n\n\n<p>E porque o trabalho em rede dos Centros de Compet\u00eancia n\u00e3o para, estivemos em mais um evento, no \u00e2mbito do Projeto de Transforma\u00e7\u00e3o Digital das escolas. <\/p>\n\n\n\n<p>Desta vez, a convite do colega Jos\u00e9 Calado, do centro de Compet\u00eancia TIC da Universidade de \u00c9vora, desloc\u00e1mo-nos a esta cidade para, em conjunto com os elementos dos diferentes centros de compet\u00eancia, embaixadores digitais, equipas de desenvolvimento digital e elementos das dire\u00e7\u00f5es de Agrupamentos da regi\u00e3o do Alentejo, refletirmos sobre o impacto e as mais-valias da utiliza\u00e7\u00e3o das tecnologias em contexto educativo.<\/p>\n\n\n\n<p>Durante este evento, que decorreu no dia 1 de mar\u00e7o, na cidade de \u00c9vora, o CCTIC moderou um painel de partilha de pr\u00e1ticas de implementa\u00e7\u00e3o do digital, tendo tamb\u00e9m moderado um dos laborat\u00f3rios de Di\u00e1logo com cen\u00e1rios de discuss\u00e3o, desta vez sob a tem\u00e1tica &#8220;Metodologias Ativas de Aprendizagem: como potenci\u00e1-las atrav\u00e9s do digital ?&#8221;.<\/p>\n\n\n\n<p>Foi mais um oportunidade de reflex\u00e3o e partilha que esperamos tenha contribu\u00eddo para o crescimento dos agrupamentos envolvidos.<\/p>\n","protected":false},"excerpt":{"rendered":"<p>E porque o trabalho em rede dos Centros de Compet\u00eancia n\u00e3o para, estivemos em mais um evento, no \u00e2mbito do Projeto de Transforma\u00e7\u00e3o Digital das escolas. Desta vez, a convite do colega Jos\u00e9 Calado, do centro de Compet\u00eancia TIC da Universidade de \u00c9vora, desloc\u00e1mo-nos a esta cidade para, em conjunto com os elementos dos diferentes [&hellip;]<\/p>\n","protected":false},"author":3,"featured_media":0,"comment_status":"open","ping_status":"open","sticky":false,"template":"","format":"standard","meta":[],"categories":[1],"tags":[],"_links":{"self":[{"href":"https:\/\/projetos.ese.ips.pt\/cctic\/index.php\/wp-json\/wp\/v2\/posts\/1126"}],"collection":[{"href":"https:\/\/projetos.ese.ips.pt\/cctic\/index.php\/wp-json\/wp\/v2\/posts"}],"about":[{"href":"https:\/\/projetos.ese.ips.pt\/cctic\/index.php\/wp-json\/wp\/v2\/types\/post"}],"author":[{"embeddable":true,"href":"https:\/\/projetos.ese.ips.pt\/cctic\/index.php\/wp-json\/wp\/v2\/users\/3"}],"replies":[{"embeddable":true,"href":"https:\/\/projetos.ese.ips.pt\/cctic\/index.php\/wp-json\/wp\/v2\/comments?post=1126"}],"version-history":[{"count":2,"href":"https:\/\/projetos.ese.ips.pt\/cctic\/index.php\/wp-json\/wp\/v2\/posts\/1126\/revisions"}],"predecessor-version":[{"id":1131,"href":"https:\/\/projetos.ese.ips.pt\/cctic\/index.php\/wp-json\/wp\/v2\/posts\/1126\/revisions\/1131"}],"wp:attachment":[{"href":"https:\/\/projetos.ese.ips.pt\/cctic\/index.php\/wp-json\/wp\/v2\/media?parent=1126"}],"wp:term":[{"taxonomy":"category","embeddable":true,"href":"https:\/\/projetos.ese.ips.pt\/cctic\/index.php\/wp-json\/wp\/v2\/categories?post=1126"},{"taxonomy":"post_tag","embeddable":true,"href":"https:\/\/projetos.ese.ips.pt\/cctic\/index.php\/wp-json\/wp\/v2\/tags?post=1126"}],"curies":[{"name":"wp","href":"https:\/\/api.w.org\/{rel}","templated":true}]}}