{"id":1132,"date":"2024-03-06T14:56:49","date_gmt":"2024-03-06T14:56:49","guid":{"rendered":"https:\/\/projetos.ese.ips.pt\/cctic\/?p=1132"},"modified":"2024-03-06T14:56:50","modified_gmt":"2024-03-06T14:56:50","slug":"acd-cidadania-digital-recursos-para-abordar-o-tema-com-os-alunos-2","status":"publish","type":"post","link":"https:\/\/projetos.ese.ips.pt\/cctic\/index.php\/2024\/03\/06\/acd-cidadania-digital-recursos-para-abordar-o-tema-com-os-alunos-2\/","title":{"rendered":"ACD &#8220;Cidadania Digital &#8211; Recursos para abordar o tema com os alunos&#8221;"},"content":{"rendered":"\n<figure class=\"wp-block-gallery columns-2 is-cropped\"><ul class=\"blocks-gallery-grid\"><li class=\"blocks-gallery-item\"><figure><img loading=\"lazy\" width=\"1024\" height=\"705\" src=\"https:\/\/projetos.ese.ips.pt\/cctic\/wp-content\/uploads\/2024\/03\/ACD_1-1024x705.png\" alt=\"\" data-id=\"1134\" data-full-url=\"https:\/\/projetos.ese.ips.pt\/cctic\/wp-content\/uploads\/2024\/03\/ACD_1.png\" data-link=\"https:\/\/projetos.ese.ips.pt\/cctic\/?attachment_id=1134\" class=\"wp-image-1134\" srcset=\"https:\/\/projetos.ese.ips.pt\/cctic\/wp-content\/uploads\/2024\/03\/ACD_1-1024x705.png 1024w, https:\/\/projetos.ese.ips.pt\/cctic\/wp-content\/uploads\/2024\/03\/ACD_1-300x207.png 300w, https:\/\/projetos.ese.ips.pt\/cctic\/wp-content\/uploads\/2024\/03\/ACD_1-768x529.png 768w, https:\/\/projetos.ese.ips.pt\/cctic\/wp-content\/uploads\/2024\/03\/ACD_1-676x466.png 676w, https:\/\/projetos.ese.ips.pt\/cctic\/wp-content\/uploads\/2024\/03\/ACD_1.png 1407w\" sizes=\"(max-width: 1024px) 100vw, 1024px\" \/><\/figure><\/li><li class=\"blocks-gallery-item\"><figure><img loading=\"lazy\" width=\"1024\" height=\"686\" src=\"https:\/\/projetos.ese.ips.pt\/cctic\/wp-content\/uploads\/2024\/03\/ACD_2-1024x686.png\" alt=\"\" data-id=\"1135\" data-full-url=\"https:\/\/projetos.ese.ips.pt\/cctic\/wp-content\/uploads\/2024\/03\/ACD_2.png\" data-link=\"https:\/\/projetos.ese.ips.pt\/cctic\/?attachment_id=1135\" class=\"wp-image-1135\" srcset=\"https:\/\/projetos.ese.ips.pt\/cctic\/wp-content\/uploads\/2024\/03\/ACD_2-1024x686.png 1024w, https:\/\/projetos.ese.ips.pt\/cctic\/wp-content\/uploads\/2024\/03\/ACD_2-300x201.png 300w, https:\/\/projetos.ese.ips.pt\/cctic\/wp-content\/uploads\/2024\/03\/ACD_2-768x515.png 768w, https:\/\/projetos.ese.ips.pt\/cctic\/wp-content\/uploads\/2024\/03\/ACD_2-676x453.png 676w, https:\/\/projetos.ese.ips.pt\/cctic\/wp-content\/uploads\/2024\/03\/ACD_2.png 1413w\" sizes=\"(max-width: 1024px) 100vw, 1024px\" \/><\/figure><\/li><\/ul><\/figure>\n\n\n\n<p>A convite do Agrupamento de Escolas do Barreiro, desenvolvemos, no passado dia 1 de mar\u00e7o, a ACD &#8220;Cidadania Digital &#8211; Recursos para abordar o tema com os alunos&#8221; com docentes de v\u00e1rios grupos disciplinares e anos de escolaridade.<\/p>\n\n\n\n<p>Durante cerca de 3 horas, debatemos quest\u00f5es relacionadas com a cidadania digital, conversamos sobre quest\u00f5es como a Intelig\u00eancia Artificial, o Plano de A\u00e7\u00e3o para o Desenvolvimento Digital das Escolas e o Projeto-Piloto Manuais Digitais, tendo sido tamb\u00e9m elaborados alguns planos de aula, que ser\u00e3o colocados em pr\u00e1tica e apresentados na Semana dedicada ao Patrono, que o Agrupamento leva a cabo, todos os anos.<\/p>\n\n\n\n<p>Muito obrigado pelo convite da Dire\u00e7\u00e3o e pelo trabalho desenvolvido por todos os colegas presentes.<\/p>\n","protected":false},"excerpt":{"rendered":"<p>A convite do Agrupamento de Escolas do Barreiro, desenvolvemos, no passado dia 1 de mar\u00e7o, a ACD &#8220;Cidadania Digital &#8211; Recursos para abordar o tema com os alunos&#8221; com docentes de v\u00e1rios grupos disciplinares e anos de escolaridade. Durante cerca de 3 horas, debatemos quest\u00f5es relacionadas com a cidadania digital, conversamos sobre quest\u00f5es como a [&hellip;]<\/p>\n","protected":false},"author":2,"featured_media":0,"comment_status":"open","ping_status":"open","sticky":false,"template":"","format":"standard","meta":[],"categories":[1],"tags":[],"_links":{"self":[{"href":"https:\/\/projetos.ese.ips.pt\/cctic\/index.php\/wp-json\/wp\/v2\/posts\/1132"}],"collection":[{"href":"https:\/\/projetos.ese.ips.pt\/cctic\/index.php\/wp-json\/wp\/v2\/posts"}],"about":[{"href":"https:\/\/projetos.ese.ips.pt\/cctic\/index.php\/wp-json\/wp\/v2\/types\/post"}],"author":[{"embeddable":true,"href":"https:\/\/projetos.ese.ips.pt\/cctic\/index.php\/wp-json\/wp\/v2\/users\/2"}],"replies":[{"embeddable":true,"href":"https:\/\/projetos.ese.ips.pt\/cctic\/index.php\/wp-json\/wp\/v2\/comments?post=1132"}],"version-history":[{"count":2,"href":"https:\/\/projetos.ese.ips.pt\/cctic\/index.php\/wp-json\/wp\/v2\/posts\/1132\/revisions"}],"predecessor-version":[{"id":1136,"href":"https:\/\/projetos.ese.ips.pt\/cctic\/index.php\/wp-json\/wp\/v2\/posts\/1132\/revisions\/1136"}],"wp:attachment":[{"href":"https:\/\/projetos.ese.ips.pt\/cctic\/index.php\/wp-json\/wp\/v2\/media?parent=1132"}],"wp:term":[{"taxonomy":"category","embeddable":true,"href":"https:\/\/projetos.ese.ips.pt\/cctic\/index.php\/wp-json\/wp\/v2\/categories?post=1132"},{"taxonomy":"post_tag","embeddable":true,"href":"https:\/\/projetos.ese.ips.pt\/cctic\/index.php\/wp-json\/wp\/v2\/tags?post=1132"}],"curies":[{"name":"wp","href":"https:\/\/api.w.org\/{rel}","templated":true}]}}