{"id":1185,"date":"2024-03-26T18:39:06","date_gmt":"2024-03-26T18:39:06","guid":{"rendered":"https:\/\/projetos.ese.ips.pt\/cctic\/?p=1185"},"modified":"2024-03-26T18:39:07","modified_gmt":"2024-03-26T18:39:07","slug":"sessao-de-mentoria-grupo-18-agrupamento-de-escolas-de-santo-andre-barreiro","status":"publish","type":"post","link":"https:\/\/projetos.ese.ips.pt\/cctic\/index.php\/2024\/03\/26\/sessao-de-mentoria-grupo-18-agrupamento-de-escolas-de-santo-andre-barreiro\/","title":{"rendered":"Sess\u00e3o de Mentoria &#8211; Grupo 18 (Agrupamento de Escolas de Santo Andr\u00e9, Barreiro)"},"content":{"rendered":"\n<figure class=\"wp-block-image alignwide size-large\"><img loading=\"lazy\" width=\"1024\" height=\"768\" src=\"https:\/\/projetos.ese.ips.pt\/cctic\/wp-content\/uploads\/2024\/03\/IMG_0786-1024x768.jpg\" alt=\"\" class=\"wp-image-1187\" srcset=\"https:\/\/projetos.ese.ips.pt\/cctic\/wp-content\/uploads\/2024\/03\/IMG_0786-1024x768.jpg 1024w, https:\/\/projetos.ese.ips.pt\/cctic\/wp-content\/uploads\/2024\/03\/IMG_0786-300x225.jpg 300w, https:\/\/projetos.ese.ips.pt\/cctic\/wp-content\/uploads\/2024\/03\/IMG_0786-768x576.jpg 768w, https:\/\/projetos.ese.ips.pt\/cctic\/wp-content\/uploads\/2024\/03\/IMG_0786-1536x1152.jpg 1536w, https:\/\/projetos.ese.ips.pt\/cctic\/wp-content\/uploads\/2024\/03\/IMG_0786-2048x1537.jpg 2048w, https:\/\/projetos.ese.ips.pt\/cctic\/wp-content\/uploads\/2024\/03\/IMG_0786-676x507.jpg 676w\" sizes=\"(max-width: 1024px) 100vw, 1024px\" \/><\/figure>\n\n\n\n<p>Decorreu na sexta-feira, dia 22 de mar\u00e7o, uma sess\u00e3o  de partilha e de reflex\u00e3o sobre o Projeto Piloto Manuais Digitais, na zona do Barreiro.  O  Agrupamento anfitri\u00e3o foi o Agrupamento de Escolas de Santo Andr\u00e9, que nos acolheu nas Instala\u00e7\u00f5es da Escola B\u00e1sica 2\/3 Ciclos da Quinta da Lomba.  Estiveram presentes na sess\u00e3o, al\u00e9m dos anfitri\u00f5es da sess\u00e3o,  representantes do Agrupamento de Escolas de Azeit\u00e3o, do Agrupamento de Escolas do Barreiro, do Agrupamento de Escolas D. Jo\u00e3o I e do Agrupamento de Escolas de Palmela. A sess\u00e3o contou ainda com a presen\u00e7a da embaixadora digital Fortunata Beatriz e com a representa\u00e7\u00e3o do CCTIC.<\/p>\n\n\n\n<div class=\"wp-block-image\"><figure class=\"alignright size-full is-resized\"><img loading=\"lazy\" src=\"https:\/\/projetos.ese.ips.pt\/cctic\/wp-content\/uploads\/2024\/03\/IMG_0795.jpg\" alt=\"\" class=\"wp-image-1188\" width=\"302\" height=\"403\"\/><\/figure><\/div>\n\n\n\n<p>Podemos dizer que seguimos  uma metodologia ativa. Os participantes foram convidados, no in\u00edcio, a usar um QR Code presente em cada uma das ilhas em que a sala estava dividida, que lhes dava as boas vindas e os convidava a sentarem-se em grupos heterog\u00e9neos. A partir da\u00ed, seguiram-se atividades que nos convidavam primeiro a trabalhar em equipa, na constru\u00e7\u00e3o de uma torre com esparguete e outros materiais fornecidos, refletindo sobre a import\u00e2ncia destas atividades e sobre o trabalho de grupo. A disposi\u00e7\u00e3o da sala em que fomos recebidos convidava a isso, estando organizada em pequenas ilhas, cada uma delas com eletricidade que chegava por um fio pendurado no teto. Seguiram-se outras atividades em grupo, com partilhas em grande grupo, e a apresenta\u00e7\u00e3o, pela escola anfitri\u00e3, de uma an\u00e1lise SWOT realizada pelas duas turmas do projeto e pelos professores envolvidos. A sess\u00e3o terminou com um lanche reconfortante.<\/p>\n\n\n\n<p>N\u00e3o podemos acabar sem dar os parab\u00e9ns aos anfitri\u00f5es e a todos os envolvidos nesta sess\u00e3o onde, pondo as m\u00e3os na massa, refletimos em conjunto sobre o trabalho feito e sobre o muito que temos ainda para fazer. <\/p>\n\n\n\n<div class=\"wp-block-image is-style-default\"><figure class=\"alignleft size-full is-resized\"><img loading=\"lazy\" src=\"https:\/\/projetos.ese.ips.pt\/cctic\/wp-content\/uploads\/2024\/03\/IMG_0808.jpg\" alt=\"\" class=\"wp-image-1186\" width=\"410\" height=\"230\" srcset=\"https:\/\/projetos.ese.ips.pt\/cctic\/wp-content\/uploads\/2024\/03\/IMG_0808.jpg 470w, https:\/\/projetos.ese.ips.pt\/cctic\/wp-content\/uploads\/2024\/03\/IMG_0808-300x169.jpg 300w\" sizes=\"(max-width: 410px) 100vw, 410px\" \/><\/figure><\/div>\n\n\n\n<p>De notar ainda que, para al\u00e9m da Diretora do agrupamento que nos recebeu, que fez quest\u00e3o de estar presente e de acompanhar a sess\u00e3o, estavam ainda presentes as diretoras de mais dois agrupamentos de escolas, o que, na nossa opini\u00e3o, \u00e9 sinal demonstrativo da import\u00e2ncia que d\u00e3o ao projeto.<\/p>\n\n\n\n<p><\/p>\n","protected":false},"excerpt":{"rendered":"<p>Decorreu na sexta-feira, dia 22 de mar\u00e7o, uma sess\u00e3o de partilha e de reflex\u00e3o sobre o Projeto Piloto Manuais Digitais, na zona do Barreiro. O Agrupamento anfitri\u00e3o foi o Agrupamento de Escolas de Santo Andr\u00e9, que nos acolheu nas Instala\u00e7\u00f5es da Escola B\u00e1sica 2\/3 Ciclos da Quinta da Lomba. Estiveram presentes na sess\u00e3o, al\u00e9m dos [&hellip;]<\/p>\n","protected":false},"author":1,"featured_media":0,"comment_status":"open","ping_status":"open","sticky":false,"template":"","format":"standard","meta":[],"categories":[7],"tags":[],"_links":{"self":[{"href":"https:\/\/projetos.ese.ips.pt\/cctic\/index.php\/wp-json\/wp\/v2\/posts\/1185"}],"collection":[{"href":"https:\/\/projetos.ese.ips.pt\/cctic\/index.php\/wp-json\/wp\/v2\/posts"}],"about":[{"href":"https:\/\/projetos.ese.ips.pt\/cctic\/index.php\/wp-json\/wp\/v2\/types\/post"}],"author":[{"embeddable":true,"href":"https:\/\/projetos.ese.ips.pt\/cctic\/index.php\/wp-json\/wp\/v2\/users\/1"}],"replies":[{"embeddable":true,"href":"https:\/\/projetos.ese.ips.pt\/cctic\/index.php\/wp-json\/wp\/v2\/comments?post=1185"}],"version-history":[{"count":3,"href":"https:\/\/projetos.ese.ips.pt\/cctic\/index.php\/wp-json\/wp\/v2\/posts\/1185\/revisions"}],"predecessor-version":[{"id":1193,"href":"https:\/\/projetos.ese.ips.pt\/cctic\/index.php\/wp-json\/wp\/v2\/posts\/1185\/revisions\/1193"}],"wp:attachment":[{"href":"https:\/\/projetos.ese.ips.pt\/cctic\/index.php\/wp-json\/wp\/v2\/media?parent=1185"}],"wp:term":[{"taxonomy":"category","embeddable":true,"href":"https:\/\/projetos.ese.ips.pt\/cctic\/index.php\/wp-json\/wp\/v2\/categories?post=1185"},{"taxonomy":"post_tag","embeddable":true,"href":"https:\/\/projetos.ese.ips.pt\/cctic\/index.php\/wp-json\/wp\/v2\/tags?post=1185"}],"curies":[{"name":"wp","href":"https:\/\/api.w.org\/{rel}","templated":true}]}}