{"id":1491,"date":"2024-09-05T20:00:34","date_gmt":"2024-09-05T20:00:34","guid":{"rendered":"https:\/\/projetos.ese.ips.pt\/cctic\/?p=1491"},"modified":"2024-09-06T11:18:55","modified_gmt":"2024-09-06T11:18:55","slug":"ano-letivo-2024-25","status":"publish","type":"post","link":"https:\/\/projetos.ese.ips.pt\/cctic\/index.php\/2024\/09\/05\/ano-letivo-2024-25\/","title":{"rendered":"Ano letivo 2024\/25"},"content":{"rendered":"\n<p>\u00c9 com grande entusiasmo que damos in\u00edcio a mais um ano letivo, repleto de desafios e de novas aprendizagens. <\/p>\n\n\n\n<p>Acreditamos que a integra\u00e7\u00e3o do digital na educa\u00e7\u00e3o n\u00e3o \u00e9 apenas uma tend\u00eancia, mas sim uma necessidade para construirmos um ensino mais din\u00e2mico, inclusivo e adaptado \u00e0s realidades dos nossos alunos.<\/p>\n\n\n\n<p>Assim, neste in\u00edcio de um novo ciclo, aproveitamos para agradecer a todos aqueles que t\u00eam feito este caminho connosco e acreditamos que o impacte deste trabalho se tem refletido em v\u00e1rios agrupamentos de escolas,  em diferentes salas de aula e, consequentemente, no trabalho realizado pelos alunos.<\/p>\n\n\n\n<p>Esperamos que este novo ciclo traga muitas oportunidades de crescimento e sucesso para todos. C\u00e1 estaremos para apoiar, partilhar e acompanhar todo esse processo.  <\/p>\n\n\n\n<p>Desejamos a todos um excelente ano letivo 2024\/25!<\/p>\n\n\n\n<p>Jo\u00e3o Torres, Jo\u00e3o Gr\u00e1cio e Ana Chambel<\/p>\n","protected":false},"excerpt":{"rendered":"<p>\u00c9 com grande entusiasmo que damos in\u00edcio a mais um ano letivo, repleto de desafios e de novas aprendizagens. Acreditamos que a integra\u00e7\u00e3o do digital na educa\u00e7\u00e3o n\u00e3o \u00e9 apenas uma tend\u00eancia, mas sim uma necessidade para construirmos um ensino mais din\u00e2mico, inclusivo e adaptado \u00e0s realidades dos nossos alunos. Assim, neste in\u00edcio de um [&hellip;]<\/p>\n","protected":false},"author":2,"featured_media":0,"comment_status":"closed","ping_status":"open","sticky":false,"template":"","format":"standard","meta":[],"categories":[1],"tags":[],"_links":{"self":[{"href":"https:\/\/projetos.ese.ips.pt\/cctic\/index.php\/wp-json\/wp\/v2\/posts\/1491"}],"collection":[{"href":"https:\/\/projetos.ese.ips.pt\/cctic\/index.php\/wp-json\/wp\/v2\/posts"}],"about":[{"href":"https:\/\/projetos.ese.ips.pt\/cctic\/index.php\/wp-json\/wp\/v2\/types\/post"}],"author":[{"embeddable":true,"href":"https:\/\/projetos.ese.ips.pt\/cctic\/index.php\/wp-json\/wp\/v2\/users\/2"}],"replies":[{"embeddable":true,"href":"https:\/\/projetos.ese.ips.pt\/cctic\/index.php\/wp-json\/wp\/v2\/comments?post=1491"}],"version-history":[{"count":2,"href":"https:\/\/projetos.ese.ips.pt\/cctic\/index.php\/wp-json\/wp\/v2\/posts\/1491\/revisions"}],"predecessor-version":[{"id":1494,"href":"https:\/\/projetos.ese.ips.pt\/cctic\/index.php\/wp-json\/wp\/v2\/posts\/1491\/revisions\/1494"}],"wp:attachment":[{"href":"https:\/\/projetos.ese.ips.pt\/cctic\/index.php\/wp-json\/wp\/v2\/media?parent=1491"}],"wp:term":[{"taxonomy":"category","embeddable":true,"href":"https:\/\/projetos.ese.ips.pt\/cctic\/index.php\/wp-json\/wp\/v2\/categories?post=1491"},{"taxonomy":"post_tag","embeddable":true,"href":"https:\/\/projetos.ese.ips.pt\/cctic\/index.php\/wp-json\/wp\/v2\/tags?post=1491"}],"curies":[{"name":"wp","href":"https:\/\/api.w.org\/{rel}","templated":true}]}}