{"id":1495,"date":"2024-09-11T09:17:03","date_gmt":"2024-09-11T09:17:03","guid":{"rendered":"https:\/\/projetos.ese.ips.pt\/cctic\/?p=1495"},"modified":"2024-09-11T09:17:04","modified_gmt":"2024-09-11T09:17:04","slug":"cidadania-digital-na-escola","status":"publish","type":"post","link":"https:\/\/projetos.ese.ips.pt\/cctic\/index.php\/2024\/09\/11\/cidadania-digital-na-escola\/","title":{"rendered":"Cidadania Digital na Escola"},"content":{"rendered":"\n<figure class=\"wp-block-gallery columns-3 is-cropped\"><ul class=\"blocks-gallery-grid\"><li class=\"blocks-gallery-item\"><figure><img loading=\"lazy\" width=\"1024\" height=\"767\" src=\"https:\/\/projetos.ese.ips.pt\/cctic\/wp-content\/uploads\/2024\/09\/1-1024x767.jpeg\" alt=\"\" data-id=\"1496\" data-full-url=\"https:\/\/projetos.ese.ips.pt\/cctic\/wp-content\/uploads\/2024\/09\/1.jpeg\" data-link=\"https:\/\/projetos.ese.ips.pt\/cctic\/?attachment_id=1496\" class=\"wp-image-1496\" srcset=\"https:\/\/projetos.ese.ips.pt\/cctic\/wp-content\/uploads\/2024\/09\/1-1024x767.jpeg 1024w, https:\/\/projetos.ese.ips.pt\/cctic\/wp-content\/uploads\/2024\/09\/1-300x225.jpeg 300w, https:\/\/projetos.ese.ips.pt\/cctic\/wp-content\/uploads\/2024\/09\/1-768x575.jpeg 768w, https:\/\/projetos.ese.ips.pt\/cctic\/wp-content\/uploads\/2024\/09\/1-676x506.jpeg 676w, https:\/\/projetos.ese.ips.pt\/cctic\/wp-content\/uploads\/2024\/09\/1.jpeg 1440w\" sizes=\"(max-width: 1024px) 100vw, 1024px\" \/><\/figure><\/li><li class=\"blocks-gallery-item\"><figure><img loading=\"lazy\" width=\"1024\" height=\"767\" src=\"https:\/\/projetos.ese.ips.pt\/cctic\/wp-content\/uploads\/2024\/09\/2-1024x767.jpeg\" alt=\"\" data-id=\"1497\" data-full-url=\"https:\/\/projetos.ese.ips.pt\/cctic\/wp-content\/uploads\/2024\/09\/2.jpeg\" data-link=\"https:\/\/projetos.ese.ips.pt\/cctic\/?attachment_id=1497\" class=\"wp-image-1497\" srcset=\"https:\/\/projetos.ese.ips.pt\/cctic\/wp-content\/uploads\/2024\/09\/2-1024x767.jpeg 1024w, https:\/\/projetos.ese.ips.pt\/cctic\/wp-content\/uploads\/2024\/09\/2-300x225.jpeg 300w, https:\/\/projetos.ese.ips.pt\/cctic\/wp-content\/uploads\/2024\/09\/2-768x575.jpeg 768w, https:\/\/projetos.ese.ips.pt\/cctic\/wp-content\/uploads\/2024\/09\/2-676x506.jpeg 676w, https:\/\/projetos.ese.ips.pt\/cctic\/wp-content\/uploads\/2024\/09\/2.jpeg 1440w\" sizes=\"(max-width: 1024px) 100vw, 1024px\" \/><\/figure><\/li><li class=\"blocks-gallery-item\"><figure><img loading=\"lazy\" width=\"1024\" height=\"767\" src=\"https:\/\/projetos.ese.ips.pt\/cctic\/wp-content\/uploads\/2024\/09\/3-1024x767.jpeg\" alt=\"\" data-id=\"1498\" data-full-url=\"https:\/\/projetos.ese.ips.pt\/cctic\/wp-content\/uploads\/2024\/09\/3.jpeg\" data-link=\"https:\/\/projetos.ese.ips.pt\/cctic\/?attachment_id=1498\" class=\"wp-image-1498\" srcset=\"https:\/\/projetos.ese.ips.pt\/cctic\/wp-content\/uploads\/2024\/09\/3-1024x767.jpeg 1024w, https:\/\/projetos.ese.ips.pt\/cctic\/wp-content\/uploads\/2024\/09\/3-300x225.jpeg 300w, https:\/\/projetos.ese.ips.pt\/cctic\/wp-content\/uploads\/2024\/09\/3-768x575.jpeg 768w, https:\/\/projetos.ese.ips.pt\/cctic\/wp-content\/uploads\/2024\/09\/3-676x506.jpeg 676w, https:\/\/projetos.ese.ips.pt\/cctic\/wp-content\/uploads\/2024\/09\/3.jpeg 1440w\" sizes=\"(max-width: 1024px) 100vw, 1024px\" \/><\/figure><\/li><\/ul><\/figure>\n\n\n\n<p>No dia 9 de setembro, a convite da Escola Secund\u00e1ria Manuel Cargaleiro, desenvolvemos duas sess\u00f5es sobre cidadania digital para professores e assistentes operacionais.<\/p>\n\n\n\n<p>Ao longo de 3 horas, debatemos algumas ideias relacionadas com esta tem\u00e1tica, ouvimos testemunhos e partilhamos alguns materiais e linhas de apoio que podem ajudar os professores e assistentes operacionais no trabalho que desenvolvem diariamente.<\/p>\n\n\n\n<p>Apesar de ser uma a\u00e7\u00e3o de curta dura\u00e7\u00e3o, cada grupo teve ainda tempo para pensar e construir um cen\u00e1rio de aprendizagem que ir\u00e1 aplicar com os seus alunos, de acordo com algumas situa\u00e7\u00f5es que t\u00eam acontecido na escola.<\/p>\n\n\n\n<p>Os elementos do CCTIC-ESE\/IPS agradecem o convite da Escola para fazer parte destas jornadas pedag\u00f3gicas e ficou j\u00e1 combinado o nosso regresso para falarmos sobre a forma como as atividades foram implementadas e definir novos caminhos para o futuro.<\/p>\n","protected":false},"excerpt":{"rendered":"<p>No dia 9 de setembro, a convite da Escola Secund\u00e1ria Manuel Cargaleiro, desenvolvemos duas sess\u00f5es sobre cidadania digital para professores e assistentes operacionais. Ao longo de 3 horas, debatemos algumas ideias relacionadas com esta tem\u00e1tica, ouvimos testemunhos e partilhamos alguns materiais e linhas de apoio que podem ajudar os professores e assistentes operacionais no trabalho [&hellip;]<\/p>\n","protected":false},"author":2,"featured_media":0,"comment_status":"closed","ping_status":"open","sticky":false,"template":"","format":"standard","meta":[],"categories":[1],"tags":[],"_links":{"self":[{"href":"https:\/\/projetos.ese.ips.pt\/cctic\/index.php\/wp-json\/wp\/v2\/posts\/1495"}],"collection":[{"href":"https:\/\/projetos.ese.ips.pt\/cctic\/index.php\/wp-json\/wp\/v2\/posts"}],"about":[{"href":"https:\/\/projetos.ese.ips.pt\/cctic\/index.php\/wp-json\/wp\/v2\/types\/post"}],"author":[{"embeddable":true,"href":"https:\/\/projetos.ese.ips.pt\/cctic\/index.php\/wp-json\/wp\/v2\/users\/2"}],"replies":[{"embeddable":true,"href":"https:\/\/projetos.ese.ips.pt\/cctic\/index.php\/wp-json\/wp\/v2\/comments?post=1495"}],"version-history":[{"count":2,"href":"https:\/\/projetos.ese.ips.pt\/cctic\/index.php\/wp-json\/wp\/v2\/posts\/1495\/revisions"}],"predecessor-version":[{"id":1501,"href":"https:\/\/projetos.ese.ips.pt\/cctic\/index.php\/wp-json\/wp\/v2\/posts\/1495\/revisions\/1501"}],"wp:attachment":[{"href":"https:\/\/projetos.ese.ips.pt\/cctic\/index.php\/wp-json\/wp\/v2\/media?parent=1495"}],"wp:term":[{"taxonomy":"category","embeddable":true,"href":"https:\/\/projetos.ese.ips.pt\/cctic\/index.php\/wp-json\/wp\/v2\/categories?post=1495"},{"taxonomy":"post_tag","embeddable":true,"href":"https:\/\/projetos.ese.ips.pt\/cctic\/index.php\/wp-json\/wp\/v2\/tags?post=1495"}],"curies":[{"name":"wp","href":"https:\/\/api.w.org\/{rel}","templated":true}]}}