{"id":1502,"date":"2024-09-27T08:36:37","date_gmt":"2024-09-27T08:36:37","guid":{"rendered":"https:\/\/projetos.ese.ips.pt\/cctic\/?p=1502"},"modified":"2024-09-27T08:36:38","modified_gmt":"2024-09-27T08:36:38","slug":"iniciativas-de-cidadania-digital-nas-escolas-2024-25","status":"publish","type":"post","link":"https:\/\/projetos.ese.ips.pt\/cctic\/index.php\/2024\/09\/27\/iniciativas-de-cidadania-digital-nas-escolas-2024-25\/","title":{"rendered":"Iniciativas de Cidadania Digital nas Escolas &#8211; 2024\/25"},"content":{"rendered":"\n<div class=\"wp-block-image\"><figure class=\"aligncenter size-large\"><img loading=\"lazy\" width=\"1024\" height=\"576\" src=\"https:\/\/projetos.ese.ips.pt\/cctic\/wp-content\/uploads\/2024\/09\/logo-cidadania-digital-4k-1024x576.png\" alt=\"\" class=\"wp-image-1503\" srcset=\"https:\/\/projetos.ese.ips.pt\/cctic\/wp-content\/uploads\/2024\/09\/logo-cidadania-digital-4k-1024x576.png 1024w, https:\/\/projetos.ese.ips.pt\/cctic\/wp-content\/uploads\/2024\/09\/logo-cidadania-digital-4k-300x169.png 300w, https:\/\/projetos.ese.ips.pt\/cctic\/wp-content\/uploads\/2024\/09\/logo-cidadania-digital-4k-768x432.png 768w, https:\/\/projetos.ese.ips.pt\/cctic\/wp-content\/uploads\/2024\/09\/logo-cidadania-digital-4k-1536x864.png 1536w, https:\/\/projetos.ese.ips.pt\/cctic\/wp-content\/uploads\/2024\/09\/logo-cidadania-digital-4k-2048x1152.png 2048w, https:\/\/projetos.ese.ips.pt\/cctic\/wp-content\/uploads\/2024\/09\/logo-cidadania-digital-4k-676x380.png 676w\" sizes=\"(max-width: 1024px) 100vw, 1024px\" \/><\/figure><\/div>\n\n\n\n<p>A Dire\u00e7\u00e3o-Geral da Educa\u00e7\u00e3o (DGE), atrav\u00e9s do Centro de Sensibiliza\u00e7\u00e3o SeguraNet, em colabora\u00e7\u00e3o com um conjunto de entidades de refer\u00eancia, promove iniciativas de Educa\u00e7\u00e3o para a Cidadania Digital.<\/p>\n\n\n\n<p>Destacam-se as iniciativas de sensibiliza\u00e7\u00e3o &#8220;<a href=\"https:\/\/www.seguranet.pt\/desafios-seguranet\">Desafios SeguraNet<\/a>&#8220;, &#8220;<a href=\"https:\/\/www.seguranet.pt\/lideres-digitais\">L\u00edderes Digitais<\/a>&#8220;, &#8220;<a href=\"https:\/\/www.sembullyingsemviolencia.edu.gov.pt\/\" target=\"_blank\" rel=\"noreferrer noopener\">Escola sem&nbsp;<em>Bullying<\/em>&nbsp;I Escolas sem Viol\u00eancia<\/a>\u201d e a &#8220;<a href=\"https:\/\/www.dge.mec.pt\/academia-digital-para-pais-4a-edicao\" target=\"_blank\" rel=\"noreferrer noopener\">Academia Digital para Pais<\/a>&#8220;.&nbsp;<\/p>\n\n\n\n<p>Ainda como forma de contribuir para o refor\u00e7o da seguran\u00e7a nos ambientes digitais, e sensibilizar para a ado\u00e7\u00e3o de estrat\u00e9gias mobilizadoras de compet\u00eancias digitais, a DGE promove as campanhas: &#8220;<a href=\"https:\/\/www.seguranet.pt\/campanha-nao-violencia-online-escolhas-conscientes\">N\u00e3o \u00e0 Viol\u00eancia&nbsp;<em>Online<\/em><\/a><em>&#8220;<\/em>, &#8220;<a href=\"https:\/\/www.seguranet.pt\/campanhas\/ciberseguranca-nas-escolas\">Ciberseguran\u00e7a nas Escolas<\/a>&#8221; e &#8220;<a href=\"https:\/\/www.seguranet.pt\/campanha-aplicacoes-suportadas-ia\">Aplica\u00e7\u00f5es Generativas Suportadas por IA<\/a>&#8220;.&nbsp;<\/p>\n\n\n\n<p>Est\u00e3o tamb\u00e9m ao dispor das comunidades educativas servi\u00e7os de apoio, tais como a&nbsp;<a href=\"https:\/\/www.internetsegura.pt\/lis\/sobre-a-lis\" target=\"_blank\" rel=\"noreferrer noopener\">Linha Internet Segura<\/a>, sob responsabilidade da Associa\u00e7\u00e3o Portuguesa de Apoio \u00e0 V\u00edtima (APAV), e o&nbsp;<a href=\"https:\/\/www.cncs.gov.pt\/pt\/certpt\/\" target=\"_blank\" rel=\"noreferrer noopener\">CERT.PT<\/a>, sob responsabilidade do Centro Nacional de Ciberseguran\u00e7a (CNCS), que permite dar resposta a incidentes digitais, como ciberataques.&nbsp;<\/p>\n\n\n\n<p>Numa sociedade em que o digital est\u00e1 cada vez mais presente, \u00e9 fundamental o envolvimento das comunidades educativas em iniciativas que garantam a seguran\u00e7a e o bem-estar das crian\u00e7as e dos jovens em ambientes digitais.&nbsp;<\/p>\n\n\n\n<p>Assim, \u00e9 importante que estas iniciativas sejam tidas em conta aquando da constru\u00e7\u00e3o\/revis\u00e3o dos Planos de A\u00e7\u00e3o de Desenvolvimento Digital das Escolas (PADDE).\u00a0<\/p>\n\n\n\n<p>Consulte a&nbsp;<a href=\"https:\/\/www.seguranet.pt\/sites\/default\/files\/media\/documents\/Cidadania%20Digital%20nas%20Escolas%202024_25.pdf\" target=\"_blank\" rel=\"noreferrer noopener\">infografia<\/a>&nbsp;que contempla as iniciativas DGE &#8211; Educa\u00e7\u00e3o para a Cidadania Digital.<\/p>\n","protected":false},"excerpt":{"rendered":"<p>A Dire\u00e7\u00e3o-Geral da Educa\u00e7\u00e3o (DGE), atrav\u00e9s do Centro de Sensibiliza\u00e7\u00e3o SeguraNet, em colabora\u00e7\u00e3o com um conjunto de entidades de refer\u00eancia, promove iniciativas de Educa\u00e7\u00e3o para a Cidadania Digital. Destacam-se as iniciativas de sensibiliza\u00e7\u00e3o &#8220;Desafios SeguraNet&#8220;, &#8220;L\u00edderes Digitais&#8220;, &#8220;Escola sem&nbsp;Bullying&nbsp;I Escolas sem Viol\u00eancia\u201d e a &#8220;Academia Digital para Pais&#8220;.&nbsp; Ainda como forma de contribuir para o [&hellip;]<\/p>\n","protected":false},"author":2,"featured_media":0,"comment_status":"closed","ping_status":"open","sticky":false,"template":"","format":"standard","meta":[],"categories":[1],"tags":[],"_links":{"self":[{"href":"https:\/\/projetos.ese.ips.pt\/cctic\/index.php\/wp-json\/wp\/v2\/posts\/1502"}],"collection":[{"href":"https:\/\/projetos.ese.ips.pt\/cctic\/index.php\/wp-json\/wp\/v2\/posts"}],"about":[{"href":"https:\/\/projetos.ese.ips.pt\/cctic\/index.php\/wp-json\/wp\/v2\/types\/post"}],"author":[{"embeddable":true,"href":"https:\/\/projetos.ese.ips.pt\/cctic\/index.php\/wp-json\/wp\/v2\/users\/2"}],"replies":[{"embeddable":true,"href":"https:\/\/projetos.ese.ips.pt\/cctic\/index.php\/wp-json\/wp\/v2\/comments?post=1502"}],"version-history":[{"count":1,"href":"https:\/\/projetos.ese.ips.pt\/cctic\/index.php\/wp-json\/wp\/v2\/posts\/1502\/revisions"}],"predecessor-version":[{"id":1504,"href":"https:\/\/projetos.ese.ips.pt\/cctic\/index.php\/wp-json\/wp\/v2\/posts\/1502\/revisions\/1504"}],"wp:attachment":[{"href":"https:\/\/projetos.ese.ips.pt\/cctic\/index.php\/wp-json\/wp\/v2\/media?parent=1502"}],"wp:term":[{"taxonomy":"category","embeddable":true,"href":"https:\/\/projetos.ese.ips.pt\/cctic\/index.php\/wp-json\/wp\/v2\/categories?post=1502"},{"taxonomy":"post_tag","embeddable":true,"href":"https:\/\/projetos.ese.ips.pt\/cctic\/index.php\/wp-json\/wp\/v2\/tags?post=1502"}],"curies":[{"name":"wp","href":"https:\/\/api.w.org\/{rel}","templated":true}]}}