{"id":1505,"date":"2024-10-07T08:33:13","date_gmt":"2024-10-07T08:33:13","guid":{"rendered":"https:\/\/projetos.ese.ips.pt\/cctic\/?p=1505"},"modified":"2024-10-07T08:33:14","modified_gmt":"2024-10-07T08:33:14","slug":"encontro-nacional-dge-2024-educacao-aprendizagens-de-qualidade-para-todos","status":"publish","type":"post","link":"https:\/\/projetos.ese.ips.pt\/cctic\/index.php\/2024\/10\/07\/encontro-nacional-dge-2024-educacao-aprendizagens-de-qualidade-para-todos\/","title":{"rendered":"Encontro Nacional DGE 2024 +Educa\u00e7\u00e3o + Aprendizagens de Qualidade para Todos"},"content":{"rendered":"\n<div class=\"wp-block-columns\">\n<div class=\"wp-block-column\" style=\"flex-basis:100%\">\n<div class=\"wp-block-columns\">\n<div class=\"wp-block-column\">\n<figure class=\"wp-block-image size-large\"><img loading=\"lazy\" width=\"1024\" height=\"721\" src=\"https:\/\/projetos.ese.ips.pt\/cctic\/wp-content\/uploads\/2024\/10\/Screenshot-2024-10-07-at-09.26.12-1-1024x721.png\" alt=\"\" class=\"wp-image-1511\" srcset=\"https:\/\/projetos.ese.ips.pt\/cctic\/wp-content\/uploads\/2024\/10\/Screenshot-2024-10-07-at-09.26.12-1-1024x721.png 1024w, https:\/\/projetos.ese.ips.pt\/cctic\/wp-content\/uploads\/2024\/10\/Screenshot-2024-10-07-at-09.26.12-1-300x211.png 300w, https:\/\/projetos.ese.ips.pt\/cctic\/wp-content\/uploads\/2024\/10\/Screenshot-2024-10-07-at-09.26.12-1-768x541.png 768w, https:\/\/projetos.ese.ips.pt\/cctic\/wp-content\/uploads\/2024\/10\/Screenshot-2024-10-07-at-09.26.12-1-676x476.png 676w, https:\/\/projetos.ese.ips.pt\/cctic\/wp-content\/uploads\/2024\/10\/Screenshot-2024-10-07-at-09.26.12-1.png 1156w\" sizes=\"(max-width: 1024px) 100vw, 1024px\" \/><\/figure>\n\n\n\n<p>No passado dia 2 de outubro, estivemos presentes no Encontro Nacional DGE 2024, subordinado ao tema &#8220;+Educa\u00e7\u00e3o + Aprendizagens de Qualidade para Todos&#8221;, que se realizou em Santa Maria da Feira.<\/p>\n\n\n\n<p>Durante a manh\u00e3, tivemos a possibilidade de assistir a tr\u00eas confer\u00eancias. A primeira trouxe-nos algumas ideias do Secret\u00e1rio de Estado Adjunto e da Educa\u00e7\u00e3o sobre o trabalho a realizar com as escolas. De seguida, o professor Joaquim de Azevedo falou-nos sobre a import\u00e2ncia de n\u00e3o deixar nenhum aluno para tr\u00e1s e, finalmente, a professora Lu\u00edsa Loura trouxe-nos novos indicadores a<br>incluir nos dados de contexto das escolas.<\/p>\n\n\n\n<p>Da parte da tarde, participamos nos workshops &#8220;Bem-estar digital e tempo de ecr\u00e3&#8221; e &#8220;Diversidade e inclus\u00e3o nas escolas: Desafios emergentes&#8221;.<\/p>\n\n\n\n<figure class=\"wp-block-image size-large\"><img loading=\"lazy\" width=\"1024\" height=\"713\" src=\"https:\/\/projetos.ese.ips.pt\/cctic\/wp-content\/uploads\/2024\/10\/Screenshot-2024-10-07-at-09.27.05-1-1024x713.png\" alt=\"\" class=\"wp-image-1517\" srcset=\"https:\/\/projetos.ese.ips.pt\/cctic\/wp-content\/uploads\/2024\/10\/Screenshot-2024-10-07-at-09.27.05-1-1024x713.png 1024w, https:\/\/projetos.ese.ips.pt\/cctic\/wp-content\/uploads\/2024\/10\/Screenshot-2024-10-07-at-09.27.05-1-300x209.png 300w, https:\/\/projetos.ese.ips.pt\/cctic\/wp-content\/uploads\/2024\/10\/Screenshot-2024-10-07-at-09.27.05-1-768x535.png 768w, https:\/\/projetos.ese.ips.pt\/cctic\/wp-content\/uploads\/2024\/10\/Screenshot-2024-10-07-at-09.27.05-1-1536x1070.png 1536w, https:\/\/projetos.ese.ips.pt\/cctic\/wp-content\/uploads\/2024\/10\/Screenshot-2024-10-07-at-09.27.05-1-676x471.png 676w, https:\/\/projetos.ese.ips.pt\/cctic\/wp-content\/uploads\/2024\/10\/Screenshot-2024-10-07-at-09.27.05-1.png 1980w\" sizes=\"(max-width: 1024px) 100vw, 1024px\" \/><\/figure>\n<\/div>\n<\/div>\n\n\n\n<figure class=\"wp-block-image size-large\"><img loading=\"lazy\" width=\"1024\" height=\"722\" src=\"https:\/\/projetos.ese.ips.pt\/cctic\/wp-content\/uploads\/2024\/10\/Screenshot-2024-10-07-at-09.27.36-1-1024x722.png\" alt=\"\" class=\"wp-image-1518\" srcset=\"https:\/\/projetos.ese.ips.pt\/cctic\/wp-content\/uploads\/2024\/10\/Screenshot-2024-10-07-at-09.27.36-1-1024x722.png 1024w, https:\/\/projetos.ese.ips.pt\/cctic\/wp-content\/uploads\/2024\/10\/Screenshot-2024-10-07-at-09.27.36-1-300x211.png 300w, https:\/\/projetos.ese.ips.pt\/cctic\/wp-content\/uploads\/2024\/10\/Screenshot-2024-10-07-at-09.27.36-1-768x541.png 768w, https:\/\/projetos.ese.ips.pt\/cctic\/wp-content\/uploads\/2024\/10\/Screenshot-2024-10-07-at-09.27.36-1-1536x1082.png 1536w, https:\/\/projetos.ese.ips.pt\/cctic\/wp-content\/uploads\/2024\/10\/Screenshot-2024-10-07-at-09.27.36-1-2048x1443.png 2048w, https:\/\/projetos.ese.ips.pt\/cctic\/wp-content\/uploads\/2024\/10\/Screenshot-2024-10-07-at-09.27.36-1-676x476.png 676w\" sizes=\"(max-width: 1024px) 100vw, 1024px\" \/><\/figure>\n<\/div>\n<\/div>\n\n\n\n<p>Foi um dia muito importante na defini\u00e7\u00e3o do trabalho a realizar durante o ano letivo 2024\/25, onde tivemos a possibilidade de estreitar rela\u00e7\u00f5es com os nossos parceiros e conhecer novos, que poder\u00e3o ajudar-nos a tra\u00e7ar o nosso caminho, no futuro.<\/p>\n","protected":false},"excerpt":{"rendered":"<p>No passado dia 2 de outubro, estivemos presentes no Encontro Nacional DGE 2024, subordinado ao tema &#8220;+Educa\u00e7\u00e3o + Aprendizagens de Qualidade para Todos&#8221;, que se realizou em Santa Maria da Feira. Durante a manh\u00e3, tivemos a possibilidade de assistir a tr\u00eas confer\u00eancias. A primeira trouxe-nos algumas ideias do Secret\u00e1rio de Estado Adjunto e da Educa\u00e7\u00e3o [&hellip;]<\/p>\n","protected":false},"author":2,"featured_media":0,"comment_status":"closed","ping_status":"open","sticky":false,"template":"","format":"standard","meta":[],"categories":[5,1],"tags":[],"_links":{"self":[{"href":"https:\/\/projetos.ese.ips.pt\/cctic\/index.php\/wp-json\/wp\/v2\/posts\/1505"}],"collection":[{"href":"https:\/\/projetos.ese.ips.pt\/cctic\/index.php\/wp-json\/wp\/v2\/posts"}],"about":[{"href":"https:\/\/projetos.ese.ips.pt\/cctic\/index.php\/wp-json\/wp\/v2\/types\/post"}],"author":[{"embeddable":true,"href":"https:\/\/projetos.ese.ips.pt\/cctic\/index.php\/wp-json\/wp\/v2\/users\/2"}],"replies":[{"embeddable":true,"href":"https:\/\/projetos.ese.ips.pt\/cctic\/index.php\/wp-json\/wp\/v2\/comments?post=1505"}],"version-history":[{"count":6,"href":"https:\/\/projetos.ese.ips.pt\/cctic\/index.php\/wp-json\/wp\/v2\/posts\/1505\/revisions"}],"predecessor-version":[{"id":1521,"href":"https:\/\/projetos.ese.ips.pt\/cctic\/index.php\/wp-json\/wp\/v2\/posts\/1505\/revisions\/1521"}],"wp:attachment":[{"href":"https:\/\/projetos.ese.ips.pt\/cctic\/index.php\/wp-json\/wp\/v2\/media?parent=1505"}],"wp:term":[{"taxonomy":"category","embeddable":true,"href":"https:\/\/projetos.ese.ips.pt\/cctic\/index.php\/wp-json\/wp\/v2\/categories?post=1505"},{"taxonomy":"post_tag","embeddable":true,"href":"https:\/\/projetos.ese.ips.pt\/cctic\/index.php\/wp-json\/wp\/v2\/tags?post=1505"}],"curies":[{"name":"wp","href":"https:\/\/api.w.org\/{rel}","templated":true}]}}