{"id":1730,"date":"2024-12-20T15:02:18","date_gmt":"2024-12-20T15:02:18","guid":{"rendered":"https:\/\/projetos.ese.ips.pt\/cctic\/?p=1730"},"modified":"2024-12-23T15:02:43","modified_gmt":"2024-12-23T15:02:43","slug":"1-a-sessao-do-grupo-de-colaboracao-19-ppmd-almada","status":"publish","type":"post","link":"https:\/\/projetos.ese.ips.pt\/cctic\/index.php\/2024\/12\/20\/1-a-sessao-do-grupo-de-colaboracao-19-ppmd-almada\/","title":{"rendered":"1.\u00aa Sess\u00e3o do grupo de colabora\u00e7\u00e3o 19 PPMD &#8211; Almada"},"content":{"rendered":"\n<figure class=\"wp-block-gallery columns-2 is-cropped\"><ul class=\"blocks-gallery-grid\"><li class=\"blocks-gallery-item\"><figure><img loading=\"lazy\" width=\"1024\" height=\"495\" src=\"https:\/\/projetos.ese.ips.pt\/cctic\/wp-content\/uploads\/2024\/12\/Screenshot-2024-12-22-at-20.37.39-1024x495.png\" alt=\"\" data-id=\"1749\" data-full-url=\"https:\/\/projetos.ese.ips.pt\/cctic\/wp-content\/uploads\/2024\/12\/Screenshot-2024-12-22-at-20.37.39.png\" data-link=\"https:\/\/projetos.ese.ips.pt\/cctic\/?attachment_id=1749\" class=\"wp-image-1749\" srcset=\"https:\/\/projetos.ese.ips.pt\/cctic\/wp-content\/uploads\/2024\/12\/Screenshot-2024-12-22-at-20.37.39-1024x495.png 1024w, https:\/\/projetos.ese.ips.pt\/cctic\/wp-content\/uploads\/2024\/12\/Screenshot-2024-12-22-at-20.37.39-300x145.png 300w, https:\/\/projetos.ese.ips.pt\/cctic\/wp-content\/uploads\/2024\/12\/Screenshot-2024-12-22-at-20.37.39-768x371.png 768w, https:\/\/projetos.ese.ips.pt\/cctic\/wp-content\/uploads\/2024\/12\/Screenshot-2024-12-22-at-20.37.39-1536x742.png 1536w, https:\/\/projetos.ese.ips.pt\/cctic\/wp-content\/uploads\/2024\/12\/Screenshot-2024-12-22-at-20.37.39-2048x989.png 2048w, https:\/\/projetos.ese.ips.pt\/cctic\/wp-content\/uploads\/2024\/12\/Screenshot-2024-12-22-at-20.37.39-676x327.png 676w\" sizes=\"(max-width: 1024px) 100vw, 1024px\" \/><\/figure><\/li><li class=\"blocks-gallery-item\"><figure><img loading=\"lazy\" width=\"1024\" height=\"621\" src=\"https:\/\/projetos.ese.ips.pt\/cctic\/wp-content\/uploads\/2024\/12\/Screenshot-2024-12-22-at-20.37.14-1024x621.png\" alt=\"\" data-id=\"1750\" data-full-url=\"https:\/\/projetos.ese.ips.pt\/cctic\/wp-content\/uploads\/2024\/12\/Screenshot-2024-12-22-at-20.37.14.png\" data-link=\"https:\/\/projetos.ese.ips.pt\/cctic\/?attachment_id=1750\" class=\"wp-image-1750\" srcset=\"https:\/\/projetos.ese.ips.pt\/cctic\/wp-content\/uploads\/2024\/12\/Screenshot-2024-12-22-at-20.37.14-1024x621.png 1024w, https:\/\/projetos.ese.ips.pt\/cctic\/wp-content\/uploads\/2024\/12\/Screenshot-2024-12-22-at-20.37.14-300x182.png 300w, https:\/\/projetos.ese.ips.pt\/cctic\/wp-content\/uploads\/2024\/12\/Screenshot-2024-12-22-at-20.37.14-768x466.png 768w, https:\/\/projetos.ese.ips.pt\/cctic\/wp-content\/uploads\/2024\/12\/Screenshot-2024-12-22-at-20.37.14-1536x931.png 1536w, https:\/\/projetos.ese.ips.pt\/cctic\/wp-content\/uploads\/2024\/12\/Screenshot-2024-12-22-at-20.37.14-2048x1242.png 2048w, https:\/\/projetos.ese.ips.pt\/cctic\/wp-content\/uploads\/2024\/12\/Screenshot-2024-12-22-at-20.37.14-676x410.png 676w\" sizes=\"(max-width: 1024px) 100vw, 1024px\" \/><\/figure><\/li><\/ul><\/figure>\n\n\n\n<p>No dia 19 de dezembro, decorreu na Escola B\u00e1sica e Secund\u00e1ria Francisco Sim\u00f5es, em Almada, a primeira sess\u00e3o de colabora\u00e7\u00e3o no \u00e2mbito do Projeto-Piloto Manuais Digitais (PPMD) deste ano letivo.<\/p>\n\n\n\n<p>Nesta sess\u00e3o, estiveram presentes representantes dos quatro Agrupamentos que pertencem ao grupo 19 deste projeto, o Agrupamento de Escolas do Monte de Caparica, o Agrupamento de Escolas Fern\u00e3o Mendes Pinto, o Agrupamento de Escolas da Trafaria e o Agrupamento anfitri\u00e3o desta sess\u00e3o, o Agrupamento de Escolas Francisco Sim\u00f5es.<\/p>\n\n\n\n<p>Durante a partilha, que contou tamb\u00e9m com a presen\u00e7a do Embaixador Digital Rui Baltazar,  foram apresentados alguns aspetos relacionados com o desenvolvimento do PPMD neste agrupamento, quer ao n\u00edvel das metodologias e abordagens pedag\u00f3gicas, quer ao n\u00edvel da divulga\u00e7\u00e3o do projeto junto dos encarregados de educa\u00e7\u00e3o.<\/p>\n\n\n\n<p>Numa segunda parte da sess\u00e3o, os presentes puderam usufruir de uma forma\u00e7\u00e3o sobre intelig\u00eancia artificial (IA) em contexto educativo, na qual refletiram sobre os desafios e os benef\u00edcios desta tecnologia, podendo experimentar algumas ferramentas de  IA e planificar algumas atividades com recurso a essas ferramentas.  Esta forma\u00e7\u00e3o foi orientada pela professora Carla Nicolai, coordenadora do PPMD do Agrupamento de Escolas anfitri\u00e3o, e contou ainda com a interven\u00e7\u00e3o do representante de uma das editoras envolvidas no projeto, que demonstrou a forma como a plataforma de apoio aos manuais digitais recorre a esta tecnologia. <\/p>\n\n\n\n<p>A equipa do Centro de Compet\u00eancia TIC agradece a forma como foi recebida por toda a equipa deste Agrupamento e congratula a organiza\u00e7\u00e3o da sess\u00e3o que foi, sem d\u00favida, muito rica e inspiradora para todos os presentes. <\/p>\n","protected":false},"excerpt":{"rendered":"<p>No dia 19 de dezembro, decorreu na Escola B\u00e1sica e Secund\u00e1ria Francisco Sim\u00f5es, em Almada, a primeira sess\u00e3o de colabora\u00e7\u00e3o no \u00e2mbito do Projeto-Piloto Manuais Digitais (PPMD) deste ano letivo. Nesta sess\u00e3o, estiveram presentes representantes dos quatro Agrupamentos que pertencem ao grupo 19 deste projeto, o Agrupamento de Escolas do Monte de Caparica, o Agrupamento [&hellip;]<\/p>\n","protected":false},"author":2,"featured_media":0,"comment_status":"closed","ping_status":"open","sticky":false,"template":"","format":"standard","meta":[],"categories":[1],"tags":[],"_links":{"self":[{"href":"https:\/\/projetos.ese.ips.pt\/cctic\/index.php\/wp-json\/wp\/v2\/posts\/1730"}],"collection":[{"href":"https:\/\/projetos.ese.ips.pt\/cctic\/index.php\/wp-json\/wp\/v2\/posts"}],"about":[{"href":"https:\/\/projetos.ese.ips.pt\/cctic\/index.php\/wp-json\/wp\/v2\/types\/post"}],"author":[{"embeddable":true,"href":"https:\/\/projetos.ese.ips.pt\/cctic\/index.php\/wp-json\/wp\/v2\/users\/2"}],"replies":[{"embeddable":true,"href":"https:\/\/projetos.ese.ips.pt\/cctic\/index.php\/wp-json\/wp\/v2\/comments?post=1730"}],"version-history":[{"count":5,"href":"https:\/\/projetos.ese.ips.pt\/cctic\/index.php\/wp-json\/wp\/v2\/posts\/1730\/revisions"}],"predecessor-version":[{"id":1753,"href":"https:\/\/projetos.ese.ips.pt\/cctic\/index.php\/wp-json\/wp\/v2\/posts\/1730\/revisions\/1753"}],"wp:attachment":[{"href":"https:\/\/projetos.ese.ips.pt\/cctic\/index.php\/wp-json\/wp\/v2\/media?parent=1730"}],"wp:term":[{"taxonomy":"category","embeddable":true,"href":"https:\/\/projetos.ese.ips.pt\/cctic\/index.php\/wp-json\/wp\/v2\/categories?post=1730"},{"taxonomy":"post_tag","embeddable":true,"href":"https:\/\/projetos.ese.ips.pt\/cctic\/index.php\/wp-json\/wp\/v2\/tags?post=1730"}],"curies":[{"name":"wp","href":"https:\/\/api.w.org\/{rel}","templated":true}]}}