{"id":1781,"date":"2025-01-24T21:14:00","date_gmt":"2025-01-24T21:14:00","guid":{"rendered":"https:\/\/projetos.ese.ips.pt\/cctic\/?p=1781"},"modified":"2025-02-26T09:12:37","modified_gmt":"2025-02-26T09:12:37","slug":"acd-laboratorios-de-educacao-digital-impressao-3d-modelacao-em-tinkercad","status":"publish","type":"post","link":"https:\/\/projetos.ese.ips.pt\/cctic\/index.php\/2025\/01\/24\/acd-laboratorios-de-educacao-digital-impressao-3d-modelacao-em-tinkercad\/","title":{"rendered":"ACD &#8211; Laborat\u00f3rios de Educa\u00e7\u00e3o Digital &#8211; Impress\u00e3o 3D &#8211; Modela\u00e7\u00e3o em Tinkercad"},"content":{"rendered":"\n<figure class=\"wp-block-gallery columns-3 is-cropped\"><ul class=\"blocks-gallery-grid\"><li class=\"blocks-gallery-item\"><figure><img loading=\"lazy\" width=\"919\" height=\"1006\" src=\"https:\/\/projetos.ese.ips.pt\/cctic\/wp-content\/uploads\/2025\/01\/Screenshot-2025-01-23-at-17.41.52.png\" alt=\"\" data-id=\"1782\" data-full-url=\"https:\/\/projetos.ese.ips.pt\/cctic\/wp-content\/uploads\/2025\/01\/Screenshot-2025-01-23-at-17.41.52.png\" data-link=\"https:\/\/projetos.ese.ips.pt\/cctic\/?attachment_id=1782\" class=\"wp-image-1782\" srcset=\"https:\/\/projetos.ese.ips.pt\/cctic\/wp-content\/uploads\/2025\/01\/Screenshot-2025-01-23-at-17.41.52.png 919w, https:\/\/projetos.ese.ips.pt\/cctic\/wp-content\/uploads\/2025\/01\/Screenshot-2025-01-23-at-17.41.52-274x300.png 274w, https:\/\/projetos.ese.ips.pt\/cctic\/wp-content\/uploads\/2025\/01\/Screenshot-2025-01-23-at-17.41.52-768x841.png 768w, https:\/\/projetos.ese.ips.pt\/cctic\/wp-content\/uploads\/2025\/01\/Screenshot-2025-01-23-at-17.41.52-676x740.png 676w\" sizes=\"(max-width: 919px) 100vw, 919px\" \/><\/figure><\/li><li class=\"blocks-gallery-item\"><figure><img loading=\"lazy\" width=\"620\" height=\"1024\" src=\"https:\/\/projetos.ese.ips.pt\/cctic\/wp-content\/uploads\/2025\/01\/Screenshot-2025-01-23-at-17.41.39-620x1024.png\" alt=\"\" data-id=\"1783\" data-full-url=\"https:\/\/projetos.ese.ips.pt\/cctic\/wp-content\/uploads\/2025\/01\/Screenshot-2025-01-23-at-17.41.39.png\" data-link=\"https:\/\/projetos.ese.ips.pt\/cctic\/?attachment_id=1783\" class=\"wp-image-1783\" srcset=\"https:\/\/projetos.ese.ips.pt\/cctic\/wp-content\/uploads\/2025\/01\/Screenshot-2025-01-23-at-17.41.39-620x1024.png 620w, https:\/\/projetos.ese.ips.pt\/cctic\/wp-content\/uploads\/2025\/01\/Screenshot-2025-01-23-at-17.41.39-182x300.png 182w, https:\/\/projetos.ese.ips.pt\/cctic\/wp-content\/uploads\/2025\/01\/Screenshot-2025-01-23-at-17.41.39.png 672w\" sizes=\"(max-width: 620px) 100vw, 620px\" \/><\/figure><\/li><li class=\"blocks-gallery-item\"><figure><img loading=\"lazy\" width=\"801\" height=\"1024\" src=\"https:\/\/projetos.ese.ips.pt\/cctic\/wp-content\/uploads\/2025\/01\/Screenshot-2025-01-23-at-17.41.03-801x1024.png\" alt=\"\" data-id=\"1784\" data-full-url=\"https:\/\/projetos.ese.ips.pt\/cctic\/wp-content\/uploads\/2025\/01\/Screenshot-2025-01-23-at-17.41.03.png\" data-link=\"https:\/\/projetos.ese.ips.pt\/cctic\/?attachment_id=1784\" class=\"wp-image-1784\" srcset=\"https:\/\/projetos.ese.ips.pt\/cctic\/wp-content\/uploads\/2025\/01\/Screenshot-2025-01-23-at-17.41.03-801x1024.png 801w, https:\/\/projetos.ese.ips.pt\/cctic\/wp-content\/uploads\/2025\/01\/Screenshot-2025-01-23-at-17.41.03-235x300.png 235w, https:\/\/projetos.ese.ips.pt\/cctic\/wp-content\/uploads\/2025\/01\/Screenshot-2025-01-23-at-17.41.03-768x982.png 768w, https:\/\/projetos.ese.ips.pt\/cctic\/wp-content\/uploads\/2025\/01\/Screenshot-2025-01-23-at-17.41.03-676x864.png 676w, https:\/\/projetos.ese.ips.pt\/cctic\/wp-content\/uploads\/2025\/01\/Screenshot-2025-01-23-at-17.41.03.png 915w\" sizes=\"(max-width: 801px) 100vw, 801px\" \/><\/figure><\/li><\/ul><figcaption class=\"blocks-gallery-caption\">Imagens cedidas pela professora Teresa Pombo<\/figcaption><\/figure>\n\n\n\n<p><\/p>\n\n\n\n<p>No fim da tarde do dia 20 de Janeiro, decorreu, na Escola Secund\u00e1ria de Sampaio, em Sesimbra, mais um momento de capacita\u00e7\u00e3o docente no \u00e2mbito do projeto &#8220;Laborat\u00f3rios de Educa\u00e7\u00e3o Digital &#8211; LED&#8221;.<\/p>\n\n\n\n<p>Desta vez, a forma\u00e7\u00e3o esteve a cargo dos colegas Lu\u00eds Ara\u00fajo e Ana Chambel, os quais apresentaram aos presentes os potenciais pedag\u00f3gicos e algumas quest\u00f5es t\u00e9cnicas relativas \u00e0 utiliza\u00e7\u00e3o das impressoras 3D.<\/p>\n\n\n\n<p>No decurso da sess\u00e3o, os professores presentes puderam ainda ter contacto com as plataformas Tinkercad e Tingiverse e modelar alguns objetos em 3D que puderam ser impressos, passando assim por todas as fases do processo que envolve estes equipamentos tecnol\u00f3gicos.<\/p>\n\n\n\n<p>Nesta sess\u00e3o, estiveram tamb\u00e9m presentes os alunos  de oitavo ano deste Agrupamento, Afonso Cristo,&nbsp;Jo\u00e3o Gon\u00e7alves,&nbsp;Pedro Bernardo&nbsp;e Sim\u00e3o Marinho,&nbsp;que tiveram o papel de formadores e facilitadores nas quest\u00f5es relativas \u00e0 modela\u00e7\u00e3o 3D.<\/p>\n\n\n\n<p>O Centro de Compet\u00eancia vem, mais uma vez, agradecer a disponibilidade dos colegas e dos alunos para mais um momento que de certo contribuiu para a implementa\u00e7\u00e3o de novas metodologias em contexto dos espa\u00e7os LED.<\/p>\n","protected":false},"excerpt":{"rendered":"<p>No fim da tarde do dia 20 de Janeiro, decorreu, na Escola Secund\u00e1ria de Sampaio, em Sesimbra, mais um momento de capacita\u00e7\u00e3o docente no \u00e2mbito do projeto &#8220;Laborat\u00f3rios de Educa\u00e7\u00e3o Digital &#8211; LED&#8221;. Desta vez, a forma\u00e7\u00e3o esteve a cargo dos colegas Lu\u00eds Ara\u00fajo e Ana Chambel, os quais apresentaram aos presentes os potenciais pedag\u00f3gicos [&hellip;]<\/p>\n","protected":false},"author":3,"featured_media":0,"comment_status":"closed","ping_status":"open","sticky":false,"template":"","format":"standard","meta":[],"categories":[16],"tags":[],"_links":{"self":[{"href":"https:\/\/projetos.ese.ips.pt\/cctic\/index.php\/wp-json\/wp\/v2\/posts\/1781"}],"collection":[{"href":"https:\/\/projetos.ese.ips.pt\/cctic\/index.php\/wp-json\/wp\/v2\/posts"}],"about":[{"href":"https:\/\/projetos.ese.ips.pt\/cctic\/index.php\/wp-json\/wp\/v2\/types\/post"}],"author":[{"embeddable":true,"href":"https:\/\/projetos.ese.ips.pt\/cctic\/index.php\/wp-json\/wp\/v2\/users\/3"}],"replies":[{"embeddable":true,"href":"https:\/\/projetos.ese.ips.pt\/cctic\/index.php\/wp-json\/wp\/v2\/comments?post=1781"}],"version-history":[{"count":4,"href":"https:\/\/projetos.ese.ips.pt\/cctic\/index.php\/wp-json\/wp\/v2\/posts\/1781\/revisions"}],"predecessor-version":[{"id":1805,"href":"https:\/\/projetos.ese.ips.pt\/cctic\/index.php\/wp-json\/wp\/v2\/posts\/1781\/revisions\/1805"}],"wp:attachment":[{"href":"https:\/\/projetos.ese.ips.pt\/cctic\/index.php\/wp-json\/wp\/v2\/media?parent=1781"}],"wp:term":[{"taxonomy":"category","embeddable":true,"href":"https:\/\/projetos.ese.ips.pt\/cctic\/index.php\/wp-json\/wp\/v2\/categories?post=1781"},{"taxonomy":"post_tag","embeddable":true,"href":"https:\/\/projetos.ese.ips.pt\/cctic\/index.php\/wp-json\/wp\/v2\/tags?post=1781"}],"curies":[{"name":"wp","href":"https:\/\/api.w.org\/{rel}","templated":true}]}}