{"id":1787,"date":"2025-01-24T21:15:51","date_gmt":"2025-01-24T21:15:51","guid":{"rendered":"https:\/\/projetos.ese.ips.pt\/cctic\/?p=1787"},"modified":"2025-02-26T09:12:25","modified_gmt":"2025-02-26T09:12:25","slug":"acd-laboratorios-de-educacao-digital-multimedia-e-impressao-3d","status":"publish","type":"post","link":"https:\/\/projetos.ese.ips.pt\/cctic\/index.php\/2025\/01\/24\/acd-laboratorios-de-educacao-digital-multimedia-e-impressao-3d\/","title":{"rendered":"ACD &#8211; Laborat\u00f3rios de Educa\u00e7\u00e3o Digital &#8211; Multim\u00e9dia e Impress\u00e3o 3D"},"content":{"rendered":"\n<figure class=\"wp-block-gallery columns-2 is-cropped\"><ul class=\"blocks-gallery-grid\"><li class=\"blocks-gallery-item\"><figure><img loading=\"lazy\" width=\"1024\" height=\"719\" src=\"https:\/\/projetos.ese.ips.pt\/cctic\/wp-content\/uploads\/2025\/01\/Screenshot-2025-01-23-at-17.52.09-1024x719.png\" alt=\"\" data-id=\"1788\" data-full-url=\"https:\/\/projetos.ese.ips.pt\/cctic\/wp-content\/uploads\/2025\/01\/Screenshot-2025-01-23-at-17.52.09.png\" data-link=\"https:\/\/projetos.ese.ips.pt\/cctic\/?attachment_id=1788\" class=\"wp-image-1788\" srcset=\"https:\/\/projetos.ese.ips.pt\/cctic\/wp-content\/uploads\/2025\/01\/Screenshot-2025-01-23-at-17.52.09-1024x719.png 1024w, https:\/\/projetos.ese.ips.pt\/cctic\/wp-content\/uploads\/2025\/01\/Screenshot-2025-01-23-at-17.52.09-300x211.png 300w, https:\/\/projetos.ese.ips.pt\/cctic\/wp-content\/uploads\/2025\/01\/Screenshot-2025-01-23-at-17.52.09-768x540.png 768w, https:\/\/projetos.ese.ips.pt\/cctic\/wp-content\/uploads\/2025\/01\/Screenshot-2025-01-23-at-17.52.09-1536x1079.png 1536w, https:\/\/projetos.ese.ips.pt\/cctic\/wp-content\/uploads\/2025\/01\/Screenshot-2025-01-23-at-17.52.09-2048x1439.png 2048w, https:\/\/projetos.ese.ips.pt\/cctic\/wp-content\/uploads\/2025\/01\/Screenshot-2025-01-23-at-17.52.09-676x475.png 676w\" sizes=\"(max-width: 1024px) 100vw, 1024px\" \/><\/figure><\/li><li class=\"blocks-gallery-item\"><figure><img loading=\"lazy\" width=\"1024\" height=\"700\" src=\"https:\/\/projetos.ese.ips.pt\/cctic\/wp-content\/uploads\/2025\/01\/Screenshot-2025-01-23-at-17.51.55-1024x700.png\" alt=\"\" data-id=\"1789\" data-full-url=\"https:\/\/projetos.ese.ips.pt\/cctic\/wp-content\/uploads\/2025\/01\/Screenshot-2025-01-23-at-17.51.55.png\" data-link=\"https:\/\/projetos.ese.ips.pt\/cctic\/?attachment_id=1789\" class=\"wp-image-1789\" srcset=\"https:\/\/projetos.ese.ips.pt\/cctic\/wp-content\/uploads\/2025\/01\/Screenshot-2025-01-23-at-17.51.55-1024x700.png 1024w, https:\/\/projetos.ese.ips.pt\/cctic\/wp-content\/uploads\/2025\/01\/Screenshot-2025-01-23-at-17.51.55-300x205.png 300w, https:\/\/projetos.ese.ips.pt\/cctic\/wp-content\/uploads\/2025\/01\/Screenshot-2025-01-23-at-17.51.55-768x525.png 768w, https:\/\/projetos.ese.ips.pt\/cctic\/wp-content\/uploads\/2025\/01\/Screenshot-2025-01-23-at-17.51.55-1536x1050.png 1536w, https:\/\/projetos.ese.ips.pt\/cctic\/wp-content\/uploads\/2025\/01\/Screenshot-2025-01-23-at-17.51.55-2048x1400.png 2048w, https:\/\/projetos.ese.ips.pt\/cctic\/wp-content\/uploads\/2025\/01\/Screenshot-2025-01-23-at-17.51.55-676x462.png 676w\" sizes=\"(max-width: 1024px) 100vw, 1024px\" \/><\/figure><\/li><\/ul><\/figure>\n\n\n\n<p>Na quarta feira, dia 22 de Janeiro, foi dia de rumar ao Montijo, \u00e0 escola Secund\u00e1ria Poeta Joaquim Serra, para, sob a orienta\u00e7\u00e3o do professor Jos\u00e9 Ferreira, participarmos em mais uma A\u00e7\u00e3o de Curta Dura\u00e7\u00e3o decorrente do apoio \u00e0 implementa\u00e7\u00e3o dos LED nos nossos Agrupamentos.<\/p>\n\n\n\n<p>Durante esta a\u00e7\u00e3o, os professores envolvidos tiveram contacto com quest\u00f5es relacionadas com o funcionamento das impressoras 3D e da sua utiliza\u00e7\u00e3o em contexto educativo. Ainda relativamente \u00e0 impress\u00e3o, foi tamb\u00e9m apresentada a plataforma Tinkercad, na qual todos tiveram a oportunidade de construir um objeto em 3D que poder\u00e1 ser impresso, tendo sido tamb\u00e9m esclarecidos sobre o software que dever\u00e1 ser utilizado na constru\u00e7\u00e3o das pe\u00e7as.<\/p>\n\n\n\n<p>O segundo momento da forma\u00e7\u00e3o foi dedicado \u00e0 \u00e1rea Multim\u00e9dia, tendo sido apresentados os equipamentos que a comp\u00f5em e testadas algumas ferramentas de edi\u00e7\u00e3o de v\u00eddeo que poder\u00e3o ser utilizadas pelos professores na utiliza\u00e7\u00e3o deste espa\u00e7o, em contexto educativo.<\/p>\n\n\n\n<p>A equipa do CCTIC agradece mais uma vez ao professor Jos\u00e9 Ferreira pela disponibilidade em apoiar este projeto e congratula todos os presentes pela vontade de aprender e de querer levar novas din\u00e2micas para as suas escolas.<\/p>\n","protected":false},"excerpt":{"rendered":"<p>Na quarta feira, dia 22 de Janeiro, foi dia de rumar ao Montijo, \u00e0 escola Secund\u00e1ria Poeta Joaquim Serra, para, sob a orienta\u00e7\u00e3o do professor Jos\u00e9 Ferreira, participarmos em mais uma A\u00e7\u00e3o de Curta Dura\u00e7\u00e3o decorrente do apoio \u00e0 implementa\u00e7\u00e3o dos LED nos nossos Agrupamentos. Durante esta a\u00e7\u00e3o, os professores envolvidos tiveram contacto com quest\u00f5es [&hellip;]<\/p>\n","protected":false},"author":3,"featured_media":0,"comment_status":"closed","ping_status":"open","sticky":false,"template":"","format":"standard","meta":[],"categories":[16],"tags":[],"_links":{"self":[{"href":"https:\/\/projetos.ese.ips.pt\/cctic\/index.php\/wp-json\/wp\/v2\/posts\/1787"}],"collection":[{"href":"https:\/\/projetos.ese.ips.pt\/cctic\/index.php\/wp-json\/wp\/v2\/posts"}],"about":[{"href":"https:\/\/projetos.ese.ips.pt\/cctic\/index.php\/wp-json\/wp\/v2\/types\/post"}],"author":[{"embeddable":true,"href":"https:\/\/projetos.ese.ips.pt\/cctic\/index.php\/wp-json\/wp\/v2\/users\/3"}],"replies":[{"embeddable":true,"href":"https:\/\/projetos.ese.ips.pt\/cctic\/index.php\/wp-json\/wp\/v2\/comments?post=1787"}],"version-history":[{"count":2,"href":"https:\/\/projetos.ese.ips.pt\/cctic\/index.php\/wp-json\/wp\/v2\/posts\/1787\/revisions"}],"predecessor-version":[{"id":1804,"href":"https:\/\/projetos.ese.ips.pt\/cctic\/index.php\/wp-json\/wp\/v2\/posts\/1787\/revisions\/1804"}],"wp:attachment":[{"href":"https:\/\/projetos.ese.ips.pt\/cctic\/index.php\/wp-json\/wp\/v2\/media?parent=1787"}],"wp:term":[{"taxonomy":"category","embeddable":true,"href":"https:\/\/projetos.ese.ips.pt\/cctic\/index.php\/wp-json\/wp\/v2\/categories?post=1787"},{"taxonomy":"post_tag","embeddable":true,"href":"https:\/\/projetos.ese.ips.pt\/cctic\/index.php\/wp-json\/wp\/v2\/tags?post=1787"}],"curies":[{"name":"wp","href":"https:\/\/api.w.org\/{rel}","templated":true}]}}