{"id":736,"date":"2023-10-05T16:54:42","date_gmt":"2023-10-05T16:54:42","guid":{"rendered":"https:\/\/projetos.ese.ips.pt\/cctic\/?p=736"},"modified":"2023-10-05T16:57:17","modified_gmt":"2023-10-05T16:57:17","slug":"evento-nacional-capacitacao-digital-das-escolas-reconfigurar-espacos-de-aprendizagem","status":"publish","type":"post","link":"https:\/\/projetos.ese.ips.pt\/cctic\/index.php\/2023\/10\/05\/evento-nacional-capacitacao-digital-das-escolas-reconfigurar-espacos-de-aprendizagem\/","title":{"rendered":"Evento Nacional &#8211; Capacita\u00e7\u00e3o Digital das Escolas: (Re)Configurar Espa\u00e7os de Aprendizagem"},"content":{"rendered":"\n<p><strong>Inscri\u00e7\u00f5es abertas<\/strong><\/p>\n\n\n\n<p>A Dire\u00e7\u00e3o-Geral da Educa\u00e7\u00e3o ir\u00e1 realizar o Evento Nacional &#8211; Capacita\u00e7\u00e3o Digital das Escolas: (Re)Configurar Espa\u00e7os de Aprendizagem, no dia 11 de outubro, entre as 9h00 e as 18h00, no Centro Nacional de Exposi\u00e7\u00f5es de Santar\u00e9m \u2013 CNEMA.<\/p>\n\n\n\n<p>Mais informa\u00e7\u00f5es <a href=\"https:\/\/www.dge.mec.pt\/noticias\/evento-nacional-capacitacao-digital-das-escolas-reconfigurar-espacos-de-aprendizagem?fbclid=IwAR0lxkundzM1kutaIVPXQzLBNERo-8qoRde1mX6jjXYPuPNfs-5xol8jM3s\" target=\"_blank\" rel=\"noreferrer noopener\">aqui<\/a>.<\/p>\n\n\n\n<div class=\"wp-block-image\"><figure class=\"aligncenter size-large\"><img src=\"https:\/\/scontent.flis9-2.fna.fbcdn.net\/v\/t39.30808-6\/382980968_709602661202536_9159245607001487538_n.jpg?_nc_cat=101&amp;ccb=1-7&amp;_nc_sid=49d041&amp;_nc_ohc=DpYaF7fNjxoAX-cg47U&amp;_nc_ht=scontent.flis9-2.fna&amp;oh=00_AfBMEWqr8CGO5WGzZIUbMOecTkul1Cb5XTtpZs97gUSvRw&amp;oe=65240944\" alt=\"\"\/><\/figure><\/div>\n","protected":false},"excerpt":{"rendered":"<p>Inscri\u00e7\u00f5es abertas A Dire\u00e7\u00e3o-Geral da Educa\u00e7\u00e3o ir\u00e1 realizar o Evento Nacional &#8211; Capacita\u00e7\u00e3o Digital das Escolas: (Re)Configurar Espa\u00e7os de Aprendizagem, no dia 11 de outubro, entre as 9h00 e as 18h00, no Centro Nacional de Exposi\u00e7\u00f5es de Santar\u00e9m \u2013 CNEMA. Mais informa\u00e7\u00f5es aqui.<\/p>\n","protected":false},"author":2,"featured_media":0,"comment_status":"open","ping_status":"open","sticky":false,"template":"","format":"standard","meta":[],"categories":[1],"tags":[],"_links":{"self":[{"href":"https:\/\/projetos.ese.ips.pt\/cctic\/index.php\/wp-json\/wp\/v2\/posts\/736"}],"collection":[{"href":"https:\/\/projetos.ese.ips.pt\/cctic\/index.php\/wp-json\/wp\/v2\/posts"}],"about":[{"href":"https:\/\/projetos.ese.ips.pt\/cctic\/index.php\/wp-json\/wp\/v2\/types\/post"}],"author":[{"embeddable":true,"href":"https:\/\/projetos.ese.ips.pt\/cctic\/index.php\/wp-json\/wp\/v2\/users\/2"}],"replies":[{"embeddable":true,"href":"https:\/\/projetos.ese.ips.pt\/cctic\/index.php\/wp-json\/wp\/v2\/comments?post=736"}],"version-history":[{"count":2,"href":"https:\/\/projetos.ese.ips.pt\/cctic\/index.php\/wp-json\/wp\/v2\/posts\/736\/revisions"}],"predecessor-version":[{"id":739,"href":"https:\/\/projetos.ese.ips.pt\/cctic\/index.php\/wp-json\/wp\/v2\/posts\/736\/revisions\/739"}],"wp:attachment":[{"href":"https:\/\/projetos.ese.ips.pt\/cctic\/index.php\/wp-json\/wp\/v2\/media?parent=736"}],"wp:term":[{"taxonomy":"category","embeddable":true,"href":"https:\/\/projetos.ese.ips.pt\/cctic\/index.php\/wp-json\/wp\/v2\/categories?post=736"},{"taxonomy":"post_tag","embeddable":true,"href":"https:\/\/projetos.ese.ips.pt\/cctic\/index.php\/wp-json\/wp\/v2\/tags?post=736"}],"curies":[{"name":"wp","href":"https:\/\/api.w.org\/{rel}","templated":true}]}}