{"id":747,"date":"2023-10-13T13:42:59","date_gmt":"2023-10-13T13:42:59","guid":{"rendered":"https:\/\/projetos.ese.ips.pt\/cctic\/?p=747"},"modified":"2023-10-13T13:43:01","modified_gmt":"2023-10-13T13:43:01","slug":"evento-nacional-capacitacao-digital-das-escolas-reconfigurar-espacos-de-aprendizagem-2","status":"publish","type":"post","link":"https:\/\/projetos.ese.ips.pt\/cctic\/index.php\/2023\/10\/13\/evento-nacional-capacitacao-digital-das-escolas-reconfigurar-espacos-de-aprendizagem-2\/","title":{"rendered":"Evento Nacional &#8211; Capacita\u00e7\u00e3o Digital das Escolas: (Re)Configurar Espa\u00e7os de Aprendizagem"},"content":{"rendered":"\n<p>No passado dia 11 de outubro de 2023, teve lugar o Evento Nacional &#8211; Capacita\u00e7\u00e3o Digital das Escolas: (Re)Configurar Espa\u00e7os de Aprendizagem, em Santar\u00e9m.<\/p>\n\n\n\n<p>Os cerca de 1000 participantes tiveram a possibilidade de ouvir investigadores e especialistas sobre esta tem\u00e1tica e contactar com o que se vai fazendo nas escolas portuguesas. <\/p>\n\n\n\n<p>O CCTIC partilhou com os participantes alguns dos projetos em que tem vindo a trabalhar e dinamizou um espa\u00e7o de aprendizagem Scratch com Makey Makey.<\/p>\n\n\n\n<p>Foi um dia bastante positivo, onde tivemos a possibilidade de falar com diretores de agrupamentos, elementos das equipas de desenvolvimento digital, embaixadores digitais e outros professores que, reconhecendo a import\u00e2ncia do digital, se deslocaram a Santar\u00e9m para ver outras realidades e levar novas ideias para as suas escolas.<\/p>\n\n\n\n<figure class=\"wp-block-gallery columns-3 is-cropped\"><ul class=\"blocks-gallery-grid\"><li class=\"blocks-gallery-item\"><figure><img loading=\"lazy\" width=\"1024\" height=\"645\" src=\"https:\/\/projetos.ese.ips.pt\/cctic\/wp-content\/uploads\/2023\/10\/auditorio-1-1024x645.jpeg\" alt=\"\" data-id=\"749\" data-full-url=\"https:\/\/projetos.ese.ips.pt\/cctic\/wp-content\/uploads\/2023\/10\/auditorio-1.jpeg\" data-link=\"https:\/\/projetos.ese.ips.pt\/cctic\/?attachment_id=749\" class=\"wp-image-749\" srcset=\"https:\/\/projetos.ese.ips.pt\/cctic\/wp-content\/uploads\/2023\/10\/auditorio-1-1024x645.jpeg 1024w, https:\/\/projetos.ese.ips.pt\/cctic\/wp-content\/uploads\/2023\/10\/auditorio-1-300x189.jpeg 300w, https:\/\/projetos.ese.ips.pt\/cctic\/wp-content\/uploads\/2023\/10\/auditorio-1-768x484.jpeg 768w, https:\/\/projetos.ese.ips.pt\/cctic\/wp-content\/uploads\/2023\/10\/auditorio-1-1536x968.jpeg 1536w, https:\/\/projetos.ese.ips.pt\/cctic\/wp-content\/uploads\/2023\/10\/auditorio-1-676x426.jpeg 676w, https:\/\/projetos.ese.ips.pt\/cctic\/wp-content\/uploads\/2023\/10\/auditorio-1.jpeg 1600w\" sizes=\"(max-width: 1024px) 100vw, 1024px\" \/><\/figure><\/li><li class=\"blocks-gallery-item\"><figure><img loading=\"lazy\" width=\"1024\" height=\"768\" src=\"https:\/\/projetos.ese.ips.pt\/cctic\/wp-content\/uploads\/2023\/10\/exposicao-1024x768.jpeg\" alt=\"\" data-id=\"750\" data-full-url=\"https:\/\/projetos.ese.ips.pt\/cctic\/wp-content\/uploads\/2023\/10\/exposicao.jpeg\" data-link=\"https:\/\/projetos.ese.ips.pt\/cctic\/?attachment_id=750\" class=\"wp-image-750\" srcset=\"https:\/\/projetos.ese.ips.pt\/cctic\/wp-content\/uploads\/2023\/10\/exposicao-1024x768.jpeg 1024w, https:\/\/projetos.ese.ips.pt\/cctic\/wp-content\/uploads\/2023\/10\/exposicao-300x225.jpeg 300w, https:\/\/projetos.ese.ips.pt\/cctic\/wp-content\/uploads\/2023\/10\/exposicao-768x576.jpeg 768w, https:\/\/projetos.ese.ips.pt\/cctic\/wp-content\/uploads\/2023\/10\/exposicao-1536x1152.jpeg 1536w, https:\/\/projetos.ese.ips.pt\/cctic\/wp-content\/uploads\/2023\/10\/exposicao-676x507.jpeg 676w, https:\/\/projetos.ese.ips.pt\/cctic\/wp-content\/uploads\/2023\/10\/exposicao.jpeg 1600w\" sizes=\"(max-width: 1024px) 100vw, 1024px\" \/><\/figure><\/li><li class=\"blocks-gallery-item\"><figure><img loading=\"lazy\" width=\"1024\" height=\"768\" src=\"https:\/\/projetos.ese.ips.pt\/cctic\/wp-content\/uploads\/2023\/10\/makey_makey-1024x768.jpeg\" alt=\"\" data-id=\"751\" data-full-url=\"https:\/\/projetos.ese.ips.pt\/cctic\/wp-content\/uploads\/2023\/10\/makey_makey.jpeg\" data-link=\"https:\/\/projetos.ese.ips.pt\/cctic\/?attachment_id=751\" class=\"wp-image-751\" srcset=\"https:\/\/projetos.ese.ips.pt\/cctic\/wp-content\/uploads\/2023\/10\/makey_makey-1024x768.jpeg 1024w, https:\/\/projetos.ese.ips.pt\/cctic\/wp-content\/uploads\/2023\/10\/makey_makey-300x225.jpeg 300w, https:\/\/projetos.ese.ips.pt\/cctic\/wp-content\/uploads\/2023\/10\/makey_makey-768x576.jpeg 768w, https:\/\/projetos.ese.ips.pt\/cctic\/wp-content\/uploads\/2023\/10\/makey_makey-1536x1152.jpeg 1536w, https:\/\/projetos.ese.ips.pt\/cctic\/wp-content\/uploads\/2023\/10\/makey_makey-676x507.jpeg 676w, https:\/\/projetos.ese.ips.pt\/cctic\/wp-content\/uploads\/2023\/10\/makey_makey.jpeg 2000w\" sizes=\"(max-width: 1024px) 100vw, 1024px\" \/><\/figure><\/li><\/ul><\/figure>\n","protected":false},"excerpt":{"rendered":"<p>No passado dia 11 de outubro de 2023, teve lugar o Evento Nacional &#8211; Capacita\u00e7\u00e3o Digital das Escolas: (Re)Configurar Espa\u00e7os de Aprendizagem, em Santar\u00e9m. Os cerca de 1000 participantes tiveram a possibilidade de ouvir investigadores e especialistas sobre esta tem\u00e1tica e contactar com o que se vai fazendo nas escolas portuguesas. O CCTIC partilhou com [&hellip;]<\/p>\n","protected":false},"author":2,"featured_media":0,"comment_status":"open","ping_status":"open","sticky":false,"template":"","format":"standard","meta":[],"categories":[1],"tags":[],"_links":{"self":[{"href":"https:\/\/projetos.ese.ips.pt\/cctic\/index.php\/wp-json\/wp\/v2\/posts\/747"}],"collection":[{"href":"https:\/\/projetos.ese.ips.pt\/cctic\/index.php\/wp-json\/wp\/v2\/posts"}],"about":[{"href":"https:\/\/projetos.ese.ips.pt\/cctic\/index.php\/wp-json\/wp\/v2\/types\/post"}],"author":[{"embeddable":true,"href":"https:\/\/projetos.ese.ips.pt\/cctic\/index.php\/wp-json\/wp\/v2\/users\/2"}],"replies":[{"embeddable":true,"href":"https:\/\/projetos.ese.ips.pt\/cctic\/index.php\/wp-json\/wp\/v2\/comments?post=747"}],"version-history":[{"count":1,"href":"https:\/\/projetos.ese.ips.pt\/cctic\/index.php\/wp-json\/wp\/v2\/posts\/747\/revisions"}],"predecessor-version":[{"id":752,"href":"https:\/\/projetos.ese.ips.pt\/cctic\/index.php\/wp-json\/wp\/v2\/posts\/747\/revisions\/752"}],"wp:attachment":[{"href":"https:\/\/projetos.ese.ips.pt\/cctic\/index.php\/wp-json\/wp\/v2\/media?parent=747"}],"wp:term":[{"taxonomy":"category","embeddable":true,"href":"https:\/\/projetos.ese.ips.pt\/cctic\/index.php\/wp-json\/wp\/v2\/categories?post=747"},{"taxonomy":"post_tag","embeddable":true,"href":"https:\/\/projetos.ese.ips.pt\/cctic\/index.php\/wp-json\/wp\/v2\/tags?post=747"}],"curies":[{"name":"wp","href":"https:\/\/api.w.org\/{rel}","templated":true}]}}