{"id":757,"date":"2023-10-20T15:27:39","date_gmt":"2023-10-20T15:27:39","guid":{"rendered":"https:\/\/projetos.ese.ips.pt\/cctic\/?p=757"},"modified":"2023-10-23T07:01:16","modified_gmt":"2023-10-23T07:01:16","slug":"acd-estrategias-de-aprendizagem-ativa-reflexao-e-discussao","status":"publish","type":"post","link":"https:\/\/projetos.ese.ips.pt\/cctic\/index.php\/2023\/10\/20\/acd-estrategias-de-aprendizagem-ativa-reflexao-e-discussao\/","title":{"rendered":"ACD &#8220;Estrat\u00e9gias de aprendizagem ativa &#8211; reflex\u00e3o e discuss\u00e3o&#8221;"},"content":{"rendered":"\n<p>No passado dia 17 de outubro, estivemos no Agrupamento de Escolas Lu\u00edsa Todi para refletir, com os professores de diferentes grupos disciplinares, sobre a import\u00e2ncia da aprendizagem ativa. <\/p>\n\n\n\n<p>Foi um fim de tarde muito interessante, onde tivemos a possibilidade de falar sobre esta tem\u00e1tica, partilhar experi\u00eancias e ideias sobre diferentes estrat\u00e9gias que podem ser utilizadas, para que os alunos estejam realmente envolvidos no seu processo de aprendizagem.<\/p>\n\n\n\n<p>Muito obrigado a todos, pela forma como nos receberam. <\/p>\n\n\n\n<figure class=\"wp-block-gallery columns-3 is-cropped\"><ul class=\"blocks-gallery-grid\"><li class=\"blocks-gallery-item\"><figure><img loading=\"lazy\" width=\"1024\" height=\"768\" src=\"https:\/\/projetos.ese.ips.pt\/cctic\/wp-content\/uploads\/2023\/10\/1697612429933-1024x768.jpg\" alt=\"\" data-id=\"759\" data-full-url=\"https:\/\/projetos.ese.ips.pt\/cctic\/wp-content\/uploads\/2023\/10\/1697612429933-scaled.jpg\" data-link=\"https:\/\/projetos.ese.ips.pt\/cctic\/?attachment_id=759\" class=\"wp-image-759\" srcset=\"https:\/\/projetos.ese.ips.pt\/cctic\/wp-content\/uploads\/2023\/10\/1697612429933-1024x768.jpg 1024w, https:\/\/projetos.ese.ips.pt\/cctic\/wp-content\/uploads\/2023\/10\/1697612429933-300x225.jpg 300w, https:\/\/projetos.ese.ips.pt\/cctic\/wp-content\/uploads\/2023\/10\/1697612429933-768x576.jpg 768w, https:\/\/projetos.ese.ips.pt\/cctic\/wp-content\/uploads\/2023\/10\/1697612429933-1536x1152.jpg 1536w, https:\/\/projetos.ese.ips.pt\/cctic\/wp-content\/uploads\/2023\/10\/1697612429933-2048x1536.jpg 2048w, https:\/\/projetos.ese.ips.pt\/cctic\/wp-content\/uploads\/2023\/10\/1697612429933-676x507.jpg 676w\" sizes=\"(max-width: 1024px) 100vw, 1024px\" \/><\/figure><\/li><li class=\"blocks-gallery-item\"><figure><img loading=\"lazy\" width=\"1024\" height=\"768\" src=\"https:\/\/projetos.ese.ips.pt\/cctic\/wp-content\/uploads\/2023\/10\/1697612467723-1024x768.jpg\" alt=\"\" data-id=\"760\" data-full-url=\"https:\/\/projetos.ese.ips.pt\/cctic\/wp-content\/uploads\/2023\/10\/1697612467723-scaled.jpg\" data-link=\"https:\/\/projetos.ese.ips.pt\/cctic\/?attachment_id=760\" class=\"wp-image-760\" srcset=\"https:\/\/projetos.ese.ips.pt\/cctic\/wp-content\/uploads\/2023\/10\/1697612467723-1024x768.jpg 1024w, https:\/\/projetos.ese.ips.pt\/cctic\/wp-content\/uploads\/2023\/10\/1697612467723-300x225.jpg 300w, https:\/\/projetos.ese.ips.pt\/cctic\/wp-content\/uploads\/2023\/10\/1697612467723-768x576.jpg 768w, https:\/\/projetos.ese.ips.pt\/cctic\/wp-content\/uploads\/2023\/10\/1697612467723-1536x1152.jpg 1536w, https:\/\/projetos.ese.ips.pt\/cctic\/wp-content\/uploads\/2023\/10\/1697612467723-2048x1536.jpg 2048w, https:\/\/projetos.ese.ips.pt\/cctic\/wp-content\/uploads\/2023\/10\/1697612467723-676x507.jpg 676w\" sizes=\"(max-width: 1024px) 100vw, 1024px\" \/><\/figure><\/li><li class=\"blocks-gallery-item\"><figure><img loading=\"lazy\" width=\"1024\" height=\"768\" src=\"https:\/\/projetos.ese.ips.pt\/cctic\/wp-content\/uploads\/2023\/10\/1697612467765-1024x768.jpg\" alt=\"\" data-id=\"762\" data-full-url=\"https:\/\/projetos.ese.ips.pt\/cctic\/wp-content\/uploads\/2023\/10\/1697612467765-scaled.jpg\" data-link=\"https:\/\/projetos.ese.ips.pt\/cctic\/?attachment_id=762\" class=\"wp-image-762\" srcset=\"https:\/\/projetos.ese.ips.pt\/cctic\/wp-content\/uploads\/2023\/10\/1697612467765-1024x768.jpg 1024w, https:\/\/projetos.ese.ips.pt\/cctic\/wp-content\/uploads\/2023\/10\/1697612467765-300x225.jpg 300w, https:\/\/projetos.ese.ips.pt\/cctic\/wp-content\/uploads\/2023\/10\/1697612467765-768x576.jpg 768w, https:\/\/projetos.ese.ips.pt\/cctic\/wp-content\/uploads\/2023\/10\/1697612467765-1536x1152.jpg 1536w, https:\/\/projetos.ese.ips.pt\/cctic\/wp-content\/uploads\/2023\/10\/1697612467765-2048x1536.jpg 2048w, https:\/\/projetos.ese.ips.pt\/cctic\/wp-content\/uploads\/2023\/10\/1697612467765-676x507.jpg 676w\" sizes=\"(max-width: 1024px) 100vw, 1024px\" \/><\/figure><\/li><\/ul><\/figure>\n","protected":false},"excerpt":{"rendered":"<p>No passado dia 17 de outubro, estivemos no Agrupamento de Escolas Lu\u00edsa Todi para refletir, com os professores de diferentes grupos disciplinares, sobre a import\u00e2ncia da aprendizagem ativa. Foi um fim de tarde muito interessante, onde tivemos a possibilidade de falar sobre esta tem\u00e1tica, partilhar experi\u00eancias e ideias sobre diferentes estrat\u00e9gias que podem ser utilizadas, [&hellip;]<\/p>\n","protected":false},"author":2,"featured_media":0,"comment_status":"open","ping_status":"open","sticky":false,"template":"","format":"standard","meta":[],"categories":[1],"tags":[],"_links":{"self":[{"href":"https:\/\/projetos.ese.ips.pt\/cctic\/index.php\/wp-json\/wp\/v2\/posts\/757"}],"collection":[{"href":"https:\/\/projetos.ese.ips.pt\/cctic\/index.php\/wp-json\/wp\/v2\/posts"}],"about":[{"href":"https:\/\/projetos.ese.ips.pt\/cctic\/index.php\/wp-json\/wp\/v2\/types\/post"}],"author":[{"embeddable":true,"href":"https:\/\/projetos.ese.ips.pt\/cctic\/index.php\/wp-json\/wp\/v2\/users\/2"}],"replies":[{"embeddable":true,"href":"https:\/\/projetos.ese.ips.pt\/cctic\/index.php\/wp-json\/wp\/v2\/comments?post=757"}],"version-history":[{"count":4,"href":"https:\/\/projetos.ese.ips.pt\/cctic\/index.php\/wp-json\/wp\/v2\/posts\/757\/revisions"}],"predecessor-version":[{"id":788,"href":"https:\/\/projetos.ese.ips.pt\/cctic\/index.php\/wp-json\/wp\/v2\/posts\/757\/revisions\/788"}],"wp:attachment":[{"href":"https:\/\/projetos.ese.ips.pt\/cctic\/index.php\/wp-json\/wp\/v2\/media?parent=757"}],"wp:term":[{"taxonomy":"category","embeddable":true,"href":"https:\/\/projetos.ese.ips.pt\/cctic\/index.php\/wp-json\/wp\/v2\/categories?post=757"},{"taxonomy":"post_tag","embeddable":true,"href":"https:\/\/projetos.ese.ips.pt\/cctic\/index.php\/wp-json\/wp\/v2\/tags?post=757"}],"curies":[{"name":"wp","href":"https:\/\/api.w.org\/{rel}","templated":true}]}}