{"id":764,"date":"2023-10-20T15:35:24","date_gmt":"2023-10-20T15:35:24","guid":{"rendered":"https:\/\/projetos.ese.ips.pt\/cctic\/?p=764"},"modified":"2023-10-20T15:35:25","modified_gmt":"2023-10-20T15:35:25","slug":"jornadas-pedagogicas","status":"publish","type":"post","link":"https:\/\/projetos.ese.ips.pt\/cctic\/index.php\/2023\/10\/20\/jornadas-pedagogicas\/","title":{"rendered":"Jornadas Pedag\u00f3gicas"},"content":{"rendered":"\n<p>A convite da Associa\u00e7\u00e3o de Solidariedade Social dos Professores (Delega\u00e7\u00e3o Distrital de Set\u00fabal) e do Agrupamento de Escolas Sebasti\u00e3o da Gama, estivemos, no dia 18 de outubro, na Escola Secund\u00e1ria Sebasti\u00e3o da Gama, para falar sobre o lugar da digitaliza\u00e7\u00e3o na sala de aula.<\/p>\n\n\n\n<p>Durante cerca de uma hora, trocamos algumas ideias sobre esta tem\u00e1tica, com cerca de 100 participantes, entre professores e alunos. Para al\u00e9m de um enquadramento sobre o plano de transi\u00e7\u00e3o digital, abordamos alguns aspetos relacionados com a utiliza\u00e7\u00e3o do digital (pontos positivos e oportunidades).<\/p>\n\n\n\n<p>Muito obrigado pelo convite e pela forma como fomos recebidos.<\/p>\n\n\n\n<figure class=\"wp-block-gallery aligncenter columns-1 is-cropped\"><ul class=\"blocks-gallery-grid\"><li class=\"blocks-gallery-item\"><figure><img loading=\"lazy\" width=\"1024\" height=\"768\" src=\"https:\/\/projetos.ese.ips.pt\/cctic\/wp-content\/uploads\/2023\/10\/mesa_abertura-1024x768.jpg\" alt=\"\" data-id=\"767\" data-link=\"https:\/\/projetos.ese.ips.pt\/cctic\/?attachment_id=767\" class=\"wp-image-767\" srcset=\"https:\/\/projetos.ese.ips.pt\/cctic\/wp-content\/uploads\/2023\/10\/mesa_abertura-1024x768.jpg 1024w, https:\/\/projetos.ese.ips.pt\/cctic\/wp-content\/uploads\/2023\/10\/mesa_abertura-300x225.jpg 300w, https:\/\/projetos.ese.ips.pt\/cctic\/wp-content\/uploads\/2023\/10\/mesa_abertura-768x576.jpg 768w, https:\/\/projetos.ese.ips.pt\/cctic\/wp-content\/uploads\/2023\/10\/mesa_abertura-1536x1152.jpg 1536w, https:\/\/projetos.ese.ips.pt\/cctic\/wp-content\/uploads\/2023\/10\/mesa_abertura-2048x1536.jpg 2048w, https:\/\/projetos.ese.ips.pt\/cctic\/wp-content\/uploads\/2023\/10\/mesa_abertura-676x507.jpg 676w\" sizes=\"(max-width: 1024px) 100vw, 1024px\" \/><\/figure><\/li><\/ul><\/figure>\n\n\n\n<figure class=\"wp-block-image size-full is-resized\"><img loading=\"lazy\" src=\"https:\/\/projetos.ese.ips.pt\/cctic\/wp-content\/uploads\/2023\/10\/Screenshot-2023-10-20-at-16.29.22-3.png\" alt=\"\" class=\"wp-image-781\" width=\"245\" height=\"328\" srcset=\"https:\/\/projetos.ese.ips.pt\/cctic\/wp-content\/uploads\/2023\/10\/Screenshot-2023-10-20-at-16.29.22-3.png 594w, https:\/\/projetos.ese.ips.pt\/cctic\/wp-content\/uploads\/2023\/10\/Screenshot-2023-10-20-at-16.29.22-3-224x300.png 224w\" sizes=\"(max-width: 245px) 100vw, 245px\" \/><\/figure>\n\n\n\n<p><\/p>\n","protected":false},"excerpt":{"rendered":"<p>A convite da Associa\u00e7\u00e3o de Solidariedade Social dos Professores (Delega\u00e7\u00e3o Distrital de Set\u00fabal) e do Agrupamento de Escolas Sebasti\u00e3o da Gama, estivemos, no dia 18 de outubro, na Escola Secund\u00e1ria Sebasti\u00e3o da Gama, para falar sobre o lugar da digitaliza\u00e7\u00e3o na sala de aula. Durante cerca de uma hora, trocamos algumas ideias sobre esta tem\u00e1tica, [&hellip;]<\/p>\n","protected":false},"author":2,"featured_media":0,"comment_status":"open","ping_status":"open","sticky":false,"template":"","format":"standard","meta":[],"categories":[1],"tags":[],"_links":{"self":[{"href":"https:\/\/projetos.ese.ips.pt\/cctic\/index.php\/wp-json\/wp\/v2\/posts\/764"}],"collection":[{"href":"https:\/\/projetos.ese.ips.pt\/cctic\/index.php\/wp-json\/wp\/v2\/posts"}],"about":[{"href":"https:\/\/projetos.ese.ips.pt\/cctic\/index.php\/wp-json\/wp\/v2\/types\/post"}],"author":[{"embeddable":true,"href":"https:\/\/projetos.ese.ips.pt\/cctic\/index.php\/wp-json\/wp\/v2\/users\/2"}],"replies":[{"embeddable":true,"href":"https:\/\/projetos.ese.ips.pt\/cctic\/index.php\/wp-json\/wp\/v2\/comments?post=764"}],"version-history":[{"count":7,"href":"https:\/\/projetos.ese.ips.pt\/cctic\/index.php\/wp-json\/wp\/v2\/posts\/764\/revisions"}],"predecessor-version":[{"id":783,"href":"https:\/\/projetos.ese.ips.pt\/cctic\/index.php\/wp-json\/wp\/v2\/posts\/764\/revisions\/783"}],"wp:attachment":[{"href":"https:\/\/projetos.ese.ips.pt\/cctic\/index.php\/wp-json\/wp\/v2\/media?parent=764"}],"wp:term":[{"taxonomy":"category","embeddable":true,"href":"https:\/\/projetos.ese.ips.pt\/cctic\/index.php\/wp-json\/wp\/v2\/categories?post=764"},{"taxonomy":"post_tag","embeddable":true,"href":"https:\/\/projetos.ese.ips.pt\/cctic\/index.php\/wp-json\/wp\/v2\/tags?post=764"}],"curies":[{"name":"wp","href":"https:\/\/api.w.org\/{rel}","templated":true}]}}