{"id":798,"date":"2023-11-09T12:02:30","date_gmt":"2023-11-09T12:02:30","guid":{"rendered":"https:\/\/projetos.ese.ips.pt\/cctic\/?p=798"},"modified":"2023-11-09T12:02:32","modified_gmt":"2023-11-09T12:02:32","slug":"sessao-sobre-cidadania-digital","status":"publish","type":"post","link":"https:\/\/projetos.ese.ips.pt\/cctic\/index.php\/2023\/11\/09\/sessao-sobre-cidadania-digital\/","title":{"rendered":"Sess\u00e3o sobre Cidadania Digital"},"content":{"rendered":"\n<p>No \u00e2mbito de uma atividade de articula\u00e7\u00e3o desenvolvida entre duas turmas do 3.\u00ba e 4.\u00ba anos, do Agrupamento de Escolas Lu\u00edsa Todi e uma turma do 7.\u00ba ano, do Agrupamento de Escolas Ordem de Sant\u2019Iago, estivemos presentes numa sess\u00e3o online, onde os alunos falaram um pouco sobre os trabalhos que t\u00eam vindo a desenvolver, relacionados com as quest\u00f5es da Cidadania Digital.<\/p>\n\n\n\n<p>Durante a sess\u00e3o, os alunos colocaram-nos quest\u00f5es com algumas d\u00favidas que tinham, relativamente a temas como o bullying e o cyberbullying, pegada digital,  palavras-passe seguras, pagar para jogar e liga\u00e7\u00f5es seguras, entre outras.<\/p>\n\n\n\n<p>Muito obrigado pelo convite e confirmamos a nossa presen\u00e7a na sess\u00e3o final de apresenta\u00e7\u00e3o dos trabalhos elaborados por todos os grupos.<\/p>\n\n\n\n<figure class=\"wp-block-image size-large\"><img loading=\"lazy\" width=\"1024\" height=\"532\" src=\"https:\/\/projetos.ese.ips.pt\/cctic\/wp-content\/uploads\/2023\/11\/CD_alunos-2-1024x532.png\" alt=\"\" class=\"wp-image-803\" srcset=\"https:\/\/projetos.ese.ips.pt\/cctic\/wp-content\/uploads\/2023\/11\/CD_alunos-2-1024x532.png 1024w, https:\/\/projetos.ese.ips.pt\/cctic\/wp-content\/uploads\/2023\/11\/CD_alunos-2-300x156.png 300w, https:\/\/projetos.ese.ips.pt\/cctic\/wp-content\/uploads\/2023\/11\/CD_alunos-2-768x399.png 768w, https:\/\/projetos.ese.ips.pt\/cctic\/wp-content\/uploads\/2023\/11\/CD_alunos-2-1536x798.png 1536w, https:\/\/projetos.ese.ips.pt\/cctic\/wp-content\/uploads\/2023\/11\/CD_alunos-2-676x351.png 676w, https:\/\/projetos.ese.ips.pt\/cctic\/wp-content\/uploads\/2023\/11\/CD_alunos-2.png 1902w\" sizes=\"(max-width: 1024px) 100vw, 1024px\" \/><\/figure>\n","protected":false},"excerpt":{"rendered":"<p>No \u00e2mbito de uma atividade de articula\u00e7\u00e3o desenvolvida entre duas turmas do 3.\u00ba e 4.\u00ba anos, do Agrupamento de Escolas Lu\u00edsa Todi e uma turma do 7.\u00ba ano, do Agrupamento de Escolas Ordem de Sant\u2019Iago, estivemos presentes numa sess\u00e3o online, onde os alunos falaram um pouco sobre os trabalhos que t\u00eam vindo a desenvolver, relacionados [&hellip;]<\/p>\n","protected":false},"author":2,"featured_media":0,"comment_status":"open","ping_status":"open","sticky":false,"template":"","format":"standard","meta":[],"categories":[1],"tags":[],"_links":{"self":[{"href":"https:\/\/projetos.ese.ips.pt\/cctic\/index.php\/wp-json\/wp\/v2\/posts\/798"}],"collection":[{"href":"https:\/\/projetos.ese.ips.pt\/cctic\/index.php\/wp-json\/wp\/v2\/posts"}],"about":[{"href":"https:\/\/projetos.ese.ips.pt\/cctic\/index.php\/wp-json\/wp\/v2\/types\/post"}],"author":[{"embeddable":true,"href":"https:\/\/projetos.ese.ips.pt\/cctic\/index.php\/wp-json\/wp\/v2\/users\/2"}],"replies":[{"embeddable":true,"href":"https:\/\/projetos.ese.ips.pt\/cctic\/index.php\/wp-json\/wp\/v2\/comments?post=798"}],"version-history":[{"count":3,"href":"https:\/\/projetos.ese.ips.pt\/cctic\/index.php\/wp-json\/wp\/v2\/posts\/798\/revisions"}],"predecessor-version":[{"id":804,"href":"https:\/\/projetos.ese.ips.pt\/cctic\/index.php\/wp-json\/wp\/v2\/posts\/798\/revisions\/804"}],"wp:attachment":[{"href":"https:\/\/projetos.ese.ips.pt\/cctic\/index.php\/wp-json\/wp\/v2\/media?parent=798"}],"wp:term":[{"taxonomy":"category","embeddable":true,"href":"https:\/\/projetos.ese.ips.pt\/cctic\/index.php\/wp-json\/wp\/v2\/categories?post=798"},{"taxonomy":"post_tag","embeddable":true,"href":"https:\/\/projetos.ese.ips.pt\/cctic\/index.php\/wp-json\/wp\/v2\/tags?post=798"}],"curies":[{"name":"wp","href":"https:\/\/api.w.org\/{rel}","templated":true}]}}