{"id":813,"date":"2023-11-15T12:28:28","date_gmt":"2023-11-15T12:28:28","guid":{"rendered":"https:\/\/projetos.ese.ips.pt\/cctic\/?p=813"},"modified":"2023-11-16T21:31:48","modified_gmt":"2023-11-16T21:31:48","slug":"a-ia-na-educacao-o-caso-do-chatgpt","status":"publish","type":"post","link":"https:\/\/projetos.ese.ips.pt\/cctic\/index.php\/2023\/11\/15\/a-ia-na-educacao-o-caso-do-chatgpt\/","title":{"rendered":"A IA na Educa\u00e7\u00e3o &#8211; o caso do ChatGPT"},"content":{"rendered":"\n<p>Cerca de 30 professores dos Agrupamentos de Escolas da Boa \u00c1gua e de Sampaio, em Sesimbra, estiveram presentes numa a\u00e7\u00e3o de curta dura\u00e7\u00e3o que decorreu na passada segunda feira, em formato online.<\/p>\n\n\n\n<p>Nesta sess\u00e3o, que foi dinamizada pelos Professores Celestino Magalh\u00e3es e Marco Bento, foram discutidas e abordadas quest\u00f5es relacionadas com a utiliza\u00e7\u00e3o da intelig\u00eancia artificial em contexto educativo, de forma a conhecer o seu potencial, salvaguardando os riscos e as quest\u00f5es \u00e9ticas que lhe est\u00e3o subjacentes. <\/p>\n\n\n\n<p>Durante a sess\u00e3o, de car\u00e1cter pr\u00e1tico, os presentes puderam testar algumas ferramentas como o ChatGPT, Bing ou o Bard e explorar algum do seu potencial.<\/p>\n\n\n\n<p>O CCTIC agradece a disponibilidade dos formadores e espera que esta sess\u00e3o tenha sido uma forma de promover a mudan\u00e7a junto dos colegas dos agrupamentos envolvidos.<\/p>\n\n\n\n<figure class=\"wp-block-image size-large\"><img loading=\"lazy\" width=\"1024\" height=\"576\" src=\"https:\/\/projetos.ese.ips.pt\/cctic\/wp-content\/uploads\/2023\/11\/WhatsApp-Image-2023-11-15-at-10.34.22-1024x576.jpeg\" alt=\"\" class=\"wp-image-815\" srcset=\"https:\/\/projetos.ese.ips.pt\/cctic\/wp-content\/uploads\/2023\/11\/WhatsApp-Image-2023-11-15-at-10.34.22-1024x576.jpeg 1024w, https:\/\/projetos.ese.ips.pt\/cctic\/wp-content\/uploads\/2023\/11\/WhatsApp-Image-2023-11-15-at-10.34.22-300x169.jpeg 300w, https:\/\/projetos.ese.ips.pt\/cctic\/wp-content\/uploads\/2023\/11\/WhatsApp-Image-2023-11-15-at-10.34.22-768x432.jpeg 768w, https:\/\/projetos.ese.ips.pt\/cctic\/wp-content\/uploads\/2023\/11\/WhatsApp-Image-2023-11-15-at-10.34.22-1536x864.jpeg 1536w, https:\/\/projetos.ese.ips.pt\/cctic\/wp-content\/uploads\/2023\/11\/WhatsApp-Image-2023-11-15-at-10.34.22-676x380.jpeg 676w, https:\/\/projetos.ese.ips.pt\/cctic\/wp-content\/uploads\/2023\/11\/WhatsApp-Image-2023-11-15-at-10.34.22.jpeg 1600w\" sizes=\"(max-width: 1024px) 100vw, 1024px\" \/><\/figure>\n\n\n\n<figure class=\"wp-block-image size-large\"><img loading=\"lazy\" width=\"1024\" height=\"648\" src=\"https:\/\/projetos.ese.ips.pt\/cctic\/wp-content\/uploads\/2023\/11\/acd-IA-foto-1-1024x648.jpeg\" alt=\"\" class=\"wp-image-816\" srcset=\"https:\/\/projetos.ese.ips.pt\/cctic\/wp-content\/uploads\/2023\/11\/acd-IA-foto-1-1024x648.jpeg 1024w, https:\/\/projetos.ese.ips.pt\/cctic\/wp-content\/uploads\/2023\/11\/acd-IA-foto-1-300x190.jpeg 300w, https:\/\/projetos.ese.ips.pt\/cctic\/wp-content\/uploads\/2023\/11\/acd-IA-foto-1-768x486.jpeg 768w, https:\/\/projetos.ese.ips.pt\/cctic\/wp-content\/uploads\/2023\/11\/acd-IA-foto-1-676x428.jpeg 676w, https:\/\/projetos.ese.ips.pt\/cctic\/wp-content\/uploads\/2023\/11\/acd-IA-foto-1.jpeg 1424w\" sizes=\"(max-width: 1024px) 100vw, 1024px\" \/><\/figure>\n\n\n\n<p><\/p>\n","protected":false},"excerpt":{"rendered":"<p>Cerca de 30 professores dos Agrupamentos de Escolas da Boa \u00c1gua e de Sampaio, em Sesimbra, estiveram presentes numa a\u00e7\u00e3o de curta dura\u00e7\u00e3o que decorreu na passada segunda feira, em formato online. Nesta sess\u00e3o, que foi dinamizada pelos Professores Celestino Magalh\u00e3es e Marco Bento, foram discutidas e abordadas quest\u00f5es relacionadas com a utiliza\u00e7\u00e3o da intelig\u00eancia [&hellip;]<\/p>\n","protected":false},"author":3,"featured_media":0,"comment_status":"open","ping_status":"open","sticky":false,"template":"","format":"standard","meta":[],"categories":[1],"tags":[],"_links":{"self":[{"href":"https:\/\/projetos.ese.ips.pt\/cctic\/index.php\/wp-json\/wp\/v2\/posts\/813"}],"collection":[{"href":"https:\/\/projetos.ese.ips.pt\/cctic\/index.php\/wp-json\/wp\/v2\/posts"}],"about":[{"href":"https:\/\/projetos.ese.ips.pt\/cctic\/index.php\/wp-json\/wp\/v2\/types\/post"}],"author":[{"embeddable":true,"href":"https:\/\/projetos.ese.ips.pt\/cctic\/index.php\/wp-json\/wp\/v2\/users\/3"}],"replies":[{"embeddable":true,"href":"https:\/\/projetos.ese.ips.pt\/cctic\/index.php\/wp-json\/wp\/v2\/comments?post=813"}],"version-history":[{"count":4,"href":"https:\/\/projetos.ese.ips.pt\/cctic\/index.php\/wp-json\/wp\/v2\/posts\/813\/revisions"}],"predecessor-version":[{"id":821,"href":"https:\/\/projetos.ese.ips.pt\/cctic\/index.php\/wp-json\/wp\/v2\/posts\/813\/revisions\/821"}],"wp:attachment":[{"href":"https:\/\/projetos.ese.ips.pt\/cctic\/index.php\/wp-json\/wp\/v2\/media?parent=813"}],"wp:term":[{"taxonomy":"category","embeddable":true,"href":"https:\/\/projetos.ese.ips.pt\/cctic\/index.php\/wp-json\/wp\/v2\/categories?post=813"},{"taxonomy":"post_tag","embeddable":true,"href":"https:\/\/projetos.ese.ips.pt\/cctic\/index.php\/wp-json\/wp\/v2\/tags?post=813"}],"curies":[{"name":"wp","href":"https:\/\/api.w.org\/{rel}","templated":true}]}}