{"id":822,"date":"2023-11-21T16:05:51","date_gmt":"2023-11-21T16:05:51","guid":{"rendered":"https:\/\/projetos.ese.ips.pt\/cctic\/?p=822"},"modified":"2023-11-24T11:57:56","modified_gmt":"2023-11-24T11:57:56","slug":"xxv-simposio-internacional-de-informatica-educativa","status":"publish","type":"post","link":"https:\/\/projetos.ese.ips.pt\/cctic\/index.php\/2023\/11\/21\/xxv-simposio-internacional-de-informatica-educativa\/","title":{"rendered":"XXV Simp\u00f3sio Internacional de Inform\u00e1tica Educativa"},"content":{"rendered":"\n<p>No dias 16, 17 e 18 de novembro de 2023, decorreu, na Escola Superior de Educa\u00e7\u00e3o do Instituto Polit\u00e9cnico de Set\u00fabal, o XXV Simp\u00f3sio Internacional de Inform\u00e1tica Educativa.<\/p>\n\n\n\n<p>Foram tr\u00eas dias de partilha e debate em torno das quest\u00f5es da integra\u00e7\u00e3o das TIC, com cerca de 60 comunica\u00e7\u00f5es, um painel tem\u00e1tico, uma confer\u00eancia plen\u00e1ria sobre o paradigma emergente da educa\u00e7\u00e3o digital em rede e outra sobre a forma como a IA generativa est\u00e1 a mudar a paisagem educacional.<\/p>\n\n\n\n<p>Os elementos do CCTIC-ESE\/IPS integraram a comiss\u00e3o organizadora do evento, tendo tamb\u00e9m apresentado as comunica\u00e7\u00f5es &#8220;Reflex\u00f5es em torno de um projeto de rob\u00f3tica educativa na Educa\u00e7\u00e3o de Inf\u00e2ncia e no 1.\u00ba Ciclo do Ensino B\u00e1sico&#8221; e &#8220;Project-Based Learning in the curricular unit ICT in Professional Contexts \u2013 perceptions of Sociocultural Animation students&#8221;.<\/p>\n\n\n\n<p>Muito obrigado a quem nos visitou e connosco veio partilhar o trabalho que est\u00e1 a desenvolver. <\/p>\n\n\n\n<p>Poder\u00e1 ver a confer\u00eancia plen\u00e1ria &#8220;como a IA generativa est\u00e1 a mudar a paisagem educacional&#8221;, da Dra. Helen Crompton, a partir do site do evento em <a rel=\"noreferrer noopener\" href=\"https:\/\/eventos.ese.ips.pt\/siie2023\/\" target=\"_blank\">https:\/\/eventos.ese.ips.pt\/siie2023\/<\/a>. <\/p>\n\n\n\n<div class=\"wp-block-columns\">\n<div class=\"wp-block-column\">\n<figure class=\"wp-block-gallery columns-3 is-cropped\"><ul class=\"blocks-gallery-grid\"><li class=\"blocks-gallery-item\"><figure><img loading=\"lazy\" width=\"825\" height=\"1024\" src=\"https:\/\/projetos.ese.ips.pt\/cctic\/wp-content\/uploads\/2023\/11\/Screenshot-2023-11-21-at-16.04.14-825x1024.png\" alt=\"\" data-id=\"834\" data-full-url=\"https:\/\/projetos.ese.ips.pt\/cctic\/wp-content\/uploads\/2023\/11\/Screenshot-2023-11-21-at-16.04.14.png\" data-link=\"https:\/\/projetos.ese.ips.pt\/cctic\/index.php\/2023\/11\/21\/xxv-simposio-internacional-de-informatica-educativa\/screenshot-2023-11-21-at-16-04-14\/\" class=\"wp-image-834\" srcset=\"https:\/\/projetos.ese.ips.pt\/cctic\/wp-content\/uploads\/2023\/11\/Screenshot-2023-11-21-at-16.04.14-825x1024.png 825w, https:\/\/projetos.ese.ips.pt\/cctic\/wp-content\/uploads\/2023\/11\/Screenshot-2023-11-21-at-16.04.14-242x300.png 242w, https:\/\/projetos.ese.ips.pt\/cctic\/wp-content\/uploads\/2023\/11\/Screenshot-2023-11-21-at-16.04.14-768x953.png 768w, https:\/\/projetos.ese.ips.pt\/cctic\/wp-content\/uploads\/2023\/11\/Screenshot-2023-11-21-at-16.04.14-676x839.png 676w, https:\/\/projetos.ese.ips.pt\/cctic\/wp-content\/uploads\/2023\/11\/Screenshot-2023-11-21-at-16.04.14.png 1099w\" sizes=\"(max-width: 825px) 100vw, 825px\" \/><\/figure><\/li><li class=\"blocks-gallery-item\"><figure><img loading=\"lazy\" width=\"651\" height=\"1024\" src=\"https:\/\/projetos.ese.ips.pt\/cctic\/wp-content\/uploads\/2023\/11\/Screenshot-2023-11-21-at-16.03.16-651x1024.png\" alt=\"\" data-id=\"833\" data-full-url=\"https:\/\/projetos.ese.ips.pt\/cctic\/wp-content\/uploads\/2023\/11\/Screenshot-2023-11-21-at-16.03.16.png\" data-link=\"https:\/\/projetos.ese.ips.pt\/cctic\/index.php\/2023\/11\/21\/xxv-simposio-internacional-de-informatica-educativa\/screenshot-2023-11-21-at-16-03-16\/\" class=\"wp-image-833\" srcset=\"https:\/\/projetos.ese.ips.pt\/cctic\/wp-content\/uploads\/2023\/11\/Screenshot-2023-11-21-at-16.03.16-651x1024.png 651w, https:\/\/projetos.ese.ips.pt\/cctic\/wp-content\/uploads\/2023\/11\/Screenshot-2023-11-21-at-16.03.16-191x300.png 191w, https:\/\/projetos.ese.ips.pt\/cctic\/wp-content\/uploads\/2023\/11\/Screenshot-2023-11-21-at-16.03.16-768x1208.png 768w, https:\/\/projetos.ese.ips.pt\/cctic\/wp-content\/uploads\/2023\/11\/Screenshot-2023-11-21-at-16.03.16-676x1063.png 676w, https:\/\/projetos.ese.ips.pt\/cctic\/wp-content\/uploads\/2023\/11\/Screenshot-2023-11-21-at-16.03.16.png 882w\" sizes=\"(max-width: 651px) 100vw, 651px\" \/><\/figure><\/li><li class=\"blocks-gallery-item\"><figure><img loading=\"lazy\" width=\"682\" height=\"1024\" src=\"https:\/\/projetos.ese.ips.pt\/cctic\/wp-content\/uploads\/2023\/11\/gra\u0301cio-3-682x1024.jpg\" alt=\"\" data-id=\"832\" data-full-url=\"https:\/\/projetos.ese.ips.pt\/cctic\/wp-content\/uploads\/2023\/11\/gra\u0301cio-3.jpg\" data-link=\"https:\/\/projetos.ese.ips.pt\/cctic\/index.php\/2023\/11\/21\/xxv-simposio-internacional-de-informatica-educativa\/gracio-3\/\" class=\"wp-image-832\" srcset=\"https:\/\/projetos.ese.ips.pt\/cctic\/wp-content\/uploads\/2023\/11\/gra\u0301cio-3-682x1024.jpg 682w, https:\/\/projetos.ese.ips.pt\/cctic\/wp-content\/uploads\/2023\/11\/gra\u0301cio-3-200x300.jpg 200w, https:\/\/projetos.ese.ips.pt\/cctic\/wp-content\/uploads\/2023\/11\/gra\u0301cio-3-768x1152.jpg 768w, https:\/\/projetos.ese.ips.pt\/cctic\/wp-content\/uploads\/2023\/11\/gra\u0301cio-3-1024x1536.jpg 1024w, https:\/\/projetos.ese.ips.pt\/cctic\/wp-content\/uploads\/2023\/11\/gra\u0301cio-3-676x1014.jpg 676w, https:\/\/projetos.ese.ips.pt\/cctic\/wp-content\/uploads\/2023\/11\/gra\u0301cio-3.jpg 1333w\" sizes=\"(max-width: 682px) 100vw, 682px\" \/><\/figure><\/li><\/ul><\/figure>\n<\/div>\n<\/div>\n","protected":false},"excerpt":{"rendered":"<p>No dias 16, 17 e 18 de novembro de 2023, decorreu, na Escola Superior de Educa\u00e7\u00e3o do Instituto Polit\u00e9cnico de Set\u00fabal, o XXV Simp\u00f3sio Internacional de Inform\u00e1tica Educativa. Foram tr\u00eas dias de partilha e debate em torno das quest\u00f5es da integra\u00e7\u00e3o das TIC, com cerca de 60 comunica\u00e7\u00f5es, um painel tem\u00e1tico, uma confer\u00eancia plen\u00e1ria sobre [&hellip;]<\/p>\n","protected":false},"author":2,"featured_media":0,"comment_status":"open","ping_status":"open","sticky":false,"template":"","format":"standard","meta":[],"categories":[1],"tags":[],"_links":{"self":[{"href":"https:\/\/projetos.ese.ips.pt\/cctic\/index.php\/wp-json\/wp\/v2\/posts\/822"}],"collection":[{"href":"https:\/\/projetos.ese.ips.pt\/cctic\/index.php\/wp-json\/wp\/v2\/posts"}],"about":[{"href":"https:\/\/projetos.ese.ips.pt\/cctic\/index.php\/wp-json\/wp\/v2\/types\/post"}],"author":[{"embeddable":true,"href":"https:\/\/projetos.ese.ips.pt\/cctic\/index.php\/wp-json\/wp\/v2\/users\/2"}],"replies":[{"embeddable":true,"href":"https:\/\/projetos.ese.ips.pt\/cctic\/index.php\/wp-json\/wp\/v2\/comments?post=822"}],"version-history":[{"count":3,"href":"https:\/\/projetos.ese.ips.pt\/cctic\/index.php\/wp-json\/wp\/v2\/posts\/822\/revisions"}],"predecessor-version":[{"id":867,"href":"https:\/\/projetos.ese.ips.pt\/cctic\/index.php\/wp-json\/wp\/v2\/posts\/822\/revisions\/867"}],"wp:attachment":[{"href":"https:\/\/projetos.ese.ips.pt\/cctic\/index.php\/wp-json\/wp\/v2\/media?parent=822"}],"wp:term":[{"taxonomy":"category","embeddable":true,"href":"https:\/\/projetos.ese.ips.pt\/cctic\/index.php\/wp-json\/wp\/v2\/categories?post=822"},{"taxonomy":"post_tag","embeddable":true,"href":"https:\/\/projetos.ese.ips.pt\/cctic\/index.php\/wp-json\/wp\/v2\/tags?post=822"}],"curies":[{"name":"wp","href":"https:\/\/api.w.org\/{rel}","templated":true}]}}