{"id":836,"date":"2023-11-23T11:20:41","date_gmt":"2023-11-23T11:20:41","guid":{"rendered":"https:\/\/projetos.ese.ips.pt\/cctic\/?p=836"},"modified":"2023-11-23T11:20:42","modified_gmt":"2023-11-23T11:20:42","slug":"bosque-mediterranico-no-campus-do-instituto-politecnico-de-setubal","status":"publish","type":"post","link":"https:\/\/projetos.ese.ips.pt\/cctic\/index.php\/2023\/11\/23\/bosque-mediterranico-no-campus-do-instituto-politecnico-de-setubal\/","title":{"rendered":"Bosque mediterr\u00e2nico no campus  do Instituto Polit\u00e9cnico de Set\u00fabal"},"content":{"rendered":"\n<p>No dia 22 de novembro, integrado no Dia da Floresta Aut\u00f3ctone, os elementos do CCTIC-ESE\/IPS participaram na planta\u00e7\u00e3o de uma \u00e1rvore.<\/p>\n\n\n\n<p>Esta iniciativa teve os seguintes objetivos: recupera\u00e7\u00e3o da diversidade gen\u00e9tica da flora aut\u00f3ctone, fixa\u00e7\u00e3o de carbono, promo\u00e7\u00e3o da biodiversidade, combate \u00e0s altera\u00e7\u00f5es clim\u00e1ticas, melhoria da qualidade do ar, aumento da capacidade de reten\u00e7\u00e3o de \u00e1gua no solo e recupera\u00e7\u00e3o paisag\u00edstica de terrenos alterados pelo homem.<\/p>\n\n\n\n<p>Esperamos, com este ato singelo, ter contribu\u00eddo para esta iniciativa, que pretende tamb\u00e9m envolver a comunidade acad\u00e9mica e local nesta interven\u00e7\u00e3o, promovendo os valores da cidadania ativa e de voluntariado ambiental, em simult\u00e2neo com a educa\u00e7\u00e3o ambiental.<\/p>\n\n\n\n<figure class=\"wp-block-image size-large\"><img loading=\"lazy\" width=\"877\" height=\"1024\" src=\"https:\/\/projetos.ese.ips.pt\/cctic\/wp-content\/uploads\/2023\/11\/plantacao_arvore-877x1024.jpg\" alt=\"\" class=\"wp-image-841\" srcset=\"https:\/\/projetos.ese.ips.pt\/cctic\/wp-content\/uploads\/2023\/11\/plantacao_arvore-877x1024.jpg 877w, https:\/\/projetos.ese.ips.pt\/cctic\/wp-content\/uploads\/2023\/11\/plantacao_arvore-257x300.jpg 257w, https:\/\/projetos.ese.ips.pt\/cctic\/wp-content\/uploads\/2023\/11\/plantacao_arvore-768x897.jpg 768w, https:\/\/projetos.ese.ips.pt\/cctic\/wp-content\/uploads\/2023\/11\/plantacao_arvore-676x789.jpg 676w, https:\/\/projetos.ese.ips.pt\/cctic\/wp-content\/uploads\/2023\/11\/plantacao_arvore.jpg 1152w\" sizes=\"(max-width: 877px) 100vw, 877px\" \/><\/figure>\n","protected":false},"excerpt":{"rendered":"<p>No dia 22 de novembro, integrado no Dia da Floresta Aut\u00f3ctone, os elementos do CCTIC-ESE\/IPS participaram na planta\u00e7\u00e3o de uma \u00e1rvore. Esta iniciativa teve os seguintes objetivos: recupera\u00e7\u00e3o da diversidade gen\u00e9tica da flora aut\u00f3ctone, fixa\u00e7\u00e3o de carbono, promo\u00e7\u00e3o da biodiversidade, combate \u00e0s altera\u00e7\u00f5es clim\u00e1ticas, melhoria da qualidade do ar, aumento da capacidade de reten\u00e7\u00e3o de [&hellip;]<\/p>\n","protected":false},"author":2,"featured_media":0,"comment_status":"open","ping_status":"open","sticky":false,"template":"","format":"standard","meta":[],"categories":[1],"tags":[],"_links":{"self":[{"href":"https:\/\/projetos.ese.ips.pt\/cctic\/index.php\/wp-json\/wp\/v2\/posts\/836"}],"collection":[{"href":"https:\/\/projetos.ese.ips.pt\/cctic\/index.php\/wp-json\/wp\/v2\/posts"}],"about":[{"href":"https:\/\/projetos.ese.ips.pt\/cctic\/index.php\/wp-json\/wp\/v2\/types\/post"}],"author":[{"embeddable":true,"href":"https:\/\/projetos.ese.ips.pt\/cctic\/index.php\/wp-json\/wp\/v2\/users\/2"}],"replies":[{"embeddable":true,"href":"https:\/\/projetos.ese.ips.pt\/cctic\/index.php\/wp-json\/wp\/v2\/comments?post=836"}],"version-history":[{"count":3,"href":"https:\/\/projetos.ese.ips.pt\/cctic\/index.php\/wp-json\/wp\/v2\/posts\/836\/revisions"}],"predecessor-version":[{"id":842,"href":"https:\/\/projetos.ese.ips.pt\/cctic\/index.php\/wp-json\/wp\/v2\/posts\/836\/revisions\/842"}],"wp:attachment":[{"href":"https:\/\/projetos.ese.ips.pt\/cctic\/index.php\/wp-json\/wp\/v2\/media?parent=836"}],"wp:term":[{"taxonomy":"category","embeddable":true,"href":"https:\/\/projetos.ese.ips.pt\/cctic\/index.php\/wp-json\/wp\/v2\/categories?post=836"},{"taxonomy":"post_tag","embeddable":true,"href":"https:\/\/projetos.ese.ips.pt\/cctic\/index.php\/wp-json\/wp\/v2\/tags?post=836"}],"curies":[{"name":"wp","href":"https:\/\/api.w.org\/{rel}","templated":true}]}}