{"id":838,"date":"2023-11-23T11:22:40","date_gmt":"2023-11-23T11:22:40","guid":{"rendered":"https:\/\/projetos.ese.ips.pt\/cctic\/?p=838"},"modified":"2023-11-23T11:39:56","modified_gmt":"2023-11-23T11:39:56","slug":"lancamento-da-iniciativa-lideres-digitais-2023-24","status":"publish","type":"post","link":"https:\/\/projetos.ese.ips.pt\/cctic\/index.php\/2023\/11\/23\/lancamento-da-iniciativa-lideres-digitais-2023-24\/","title":{"rendered":"Lan\u00e7amento da iniciativa L\u00edderes Digitais 2023\/24"},"content":{"rendered":"\n<p>No dia 22 de novembro, ocorreu a sess\u00e3o de apresenta\u00e7\u00e3o da iniciativa L\u00edderes Digitais, em formato online, que contou com a presen\u00e7a de cerca de 110 professores e que foi moderada pelas alunas l\u00edderes digitais Beatriz Fernandes e Maria Rodrigues, da EBS Santa Cruz, na Madeira e Carolina Fernandez, do AE \u00cdlhavo. <\/p>\n\n\n\n<p>Durante o primeiro momento da sess\u00e3o, tivemos a possibilidade de ouvir, na primeira pessoa, o testemunho da l\u00edder digital Beatriz Fernandes e da professora M\u00f3nica Velosa, relativamente \u00e0 sua participa\u00e7\u00e3o em edi\u00e7\u00f5es anteriores dos L\u00edderes Digitais, assim como a apresenta\u00e7\u00e3o dos temas e das datas para o ano letivo 2023\/24. <\/p>\n\n\n\n<p>Na segunda parte da sess\u00e3o, tivemos a presen\u00e7a da Dr.\u00aa Joana Rato, Professora Auxiliar no Instituto de Ci\u00eancias da Sa\u00fade da Universidade Cat\u00f3lica Portuguesa e investigadora integrada no Centro de Investiga\u00e7\u00e3o Interdisciplinar em Sa\u00fade, que nos falou sobre o Bem-estar online e que promoveu uma reflex\u00e3o relativamente a esta tem\u00e1tica. <\/p>\n\n\n\n<p>De seguida, os professores presentes tiveram a possibilidade de trocar algumas ideias sobre o trabalho que t\u00eam vindo a realizar nas suas escolas, fazendo com que, a partir desta partilha, se pudessem construir algumas redes de trabalho e existissem algumas ideias que podem ser colocadas em pr\u00e1tica, durante o pr\u00f3ximo ano.<\/p>\n\n\n\n<p>Com a dinamiza\u00e7\u00e3o desta iniciativa, da responsabilidade do Centro de Sensibiliza\u00e7\u00e3o SeguraNet da Dire\u00e7\u00e3o-Geral da Educa\u00e7\u00e3o, e com a colabora\u00e7\u00e3o dos Centros de Compet\u00eancia TIC de Set\u00fabal e de Aveiro, pretende-se que os alunos, acompanhados por um professor, com o apoio do SeguraNet e dos CCTIC, promovam a\u00e7\u00f5es de sensibiliza\u00e7\u00e3o, dirigidas \u00e0 comunidade educativa em que se inserem, contribuindo para o desenvolvimento da Cidadania Digital.<\/p>\n\n\n\n<p>Quem n\u00e3o teve oportunidade de assistir \u00e0 sess\u00e3o de lan\u00e7amento, poder\u00e1 faz\u00ea-lo, atrav\u00e9s do link <a href=\"https:\/\/youtu.be\/o-qm-powf8s?si=40ssPOKqsetdJFTc\" target=\"_blank\" rel=\"noreferrer noopener\">https:\/\/youtu.be\/o-qm-powf8s?si=40ssPOKqsetdJFTc<\/a>.<\/p>\n\n\n\n<p>Para participar com os alunos, nas categorias \u201cL\u00edderes Digitais\u201d e\/ou \u201cL\u00edderes Digitais Benjamins\u201d, o professor respons\u00e1vel deve proceder \u00e0 sua inscri\u00e7\u00e3o, at\u00e9 ao dia <strong>15 de dezembro 2023<\/strong>, atrav\u00e9s do formul\u00e1rio: <a href=\"https:\/\/projetos.dge.mec.pt\/adp\/lideres-digitais-2023-24\" target=\"_blank\" rel=\"noreferrer noopener\">https:\/\/projetos.dge.mec.pt\/adp\/lideres-digitais-2023-24<\/a>.<\/p>\n\n\n\n<p>Para mais informa\u00e7\u00f5es, consulte o <a href=\"https:\/\/www.seguranet.pt\/sites\/default\/files\/media\/documents\/DOCUMENTO_ORIENTADOR_VF2324.pdf\" data-type=\"URL\" data-id=\"https:\/\/www.seguranet.pt\/sites\/default\/files\/media\/documents\/DOCUMENTO_ORIENTADOR_VF2324.pdf\" target=\"_blank\" rel=\"noreferrer noopener\">documento orientador<\/a>.<\/p>\n\n\n\n<p>Desejamos a todos um excelente trabalho e estamos dispon\u00edveis para ajudar no que entenderem necess\u00e1rio.<\/p>\n\n\n\n<figure class=\"wp-block-gallery columns-2 is-cropped\"><ul class=\"blocks-gallery-grid\"><li class=\"blocks-gallery-item\"><figure><img loading=\"lazy\" width=\"1024\" height=\"638\" src=\"https:\/\/projetos.ese.ips.pt\/cctic\/wp-content\/uploads\/2023\/11\/2-1024x638.jpg\" alt=\"\" data-id=\"844\" data-full-url=\"https:\/\/projetos.ese.ips.pt\/cctic\/wp-content\/uploads\/2023\/11\/2.jpg\" data-link=\"https:\/\/projetos.ese.ips.pt\/cctic\/?attachment_id=844\" class=\"wp-image-844\" srcset=\"https:\/\/projetos.ese.ips.pt\/cctic\/wp-content\/uploads\/2023\/11\/2-1024x638.jpg 1024w, https:\/\/projetos.ese.ips.pt\/cctic\/wp-content\/uploads\/2023\/11\/2-300x187.jpg 300w, https:\/\/projetos.ese.ips.pt\/cctic\/wp-content\/uploads\/2023\/11\/2-768x479.jpg 768w, https:\/\/projetos.ese.ips.pt\/cctic\/wp-content\/uploads\/2023\/11\/2-676x421.jpg 676w, https:\/\/projetos.ese.ips.pt\/cctic\/wp-content\/uploads\/2023\/11\/2.jpg 1462w\" sizes=\"(max-width: 1024px) 100vw, 1024px\" \/><\/figure><\/li><li class=\"blocks-gallery-item\"><figure><img loading=\"lazy\" width=\"1024\" height=\"576\" src=\"https:\/\/projetos.ese.ips.pt\/cctic\/wp-content\/uploads\/2023\/11\/1-1024x576.png\" alt=\"\" data-id=\"843\" data-full-url=\"https:\/\/projetos.ese.ips.pt\/cctic\/wp-content\/uploads\/2023\/11\/1.png\" data-link=\"https:\/\/projetos.ese.ips.pt\/cctic\/?attachment_id=843\" class=\"wp-image-843\" srcset=\"https:\/\/projetos.ese.ips.pt\/cctic\/wp-content\/uploads\/2023\/11\/1-1024x576.png 1024w, https:\/\/projetos.ese.ips.pt\/cctic\/wp-content\/uploads\/2023\/11\/1-300x169.png 300w, https:\/\/projetos.ese.ips.pt\/cctic\/wp-content\/uploads\/2023\/11\/1-768x432.png 768w, https:\/\/projetos.ese.ips.pt\/cctic\/wp-content\/uploads\/2023\/11\/1-1536x864.png 1536w, https:\/\/projetos.ese.ips.pt\/cctic\/wp-content\/uploads\/2023\/11\/1-676x380.png 676w, https:\/\/projetos.ese.ips.pt\/cctic\/wp-content\/uploads\/2023\/11\/1.png 1920w\" sizes=\"(max-width: 1024px) 100vw, 1024px\" \/><\/figure><\/li><\/ul><\/figure>\n","protected":false},"excerpt":{"rendered":"<p>No dia 22 de novembro, ocorreu a sess\u00e3o de apresenta\u00e7\u00e3o da iniciativa L\u00edderes Digitais, em formato online, que contou com a presen\u00e7a de cerca de 110 professores e que foi moderada pelas alunas l\u00edderes digitais Beatriz Fernandes e Maria Rodrigues, da EBS Santa Cruz, na Madeira e Carolina Fernandez, do AE \u00cdlhavo. Durante o primeiro [&hellip;]<\/p>\n","protected":false},"author":2,"featured_media":0,"comment_status":"open","ping_status":"open","sticky":false,"template":"","format":"standard","meta":[],"categories":[1],"tags":[],"_links":{"self":[{"href":"https:\/\/projetos.ese.ips.pt\/cctic\/index.php\/wp-json\/wp\/v2\/posts\/838"}],"collection":[{"href":"https:\/\/projetos.ese.ips.pt\/cctic\/index.php\/wp-json\/wp\/v2\/posts"}],"about":[{"href":"https:\/\/projetos.ese.ips.pt\/cctic\/index.php\/wp-json\/wp\/v2\/types\/post"}],"author":[{"embeddable":true,"href":"https:\/\/projetos.ese.ips.pt\/cctic\/index.php\/wp-json\/wp\/v2\/users\/2"}],"replies":[{"embeddable":true,"href":"https:\/\/projetos.ese.ips.pt\/cctic\/index.php\/wp-json\/wp\/v2\/comments?post=838"}],"version-history":[{"count":4,"href":"https:\/\/projetos.ese.ips.pt\/cctic\/index.php\/wp-json\/wp\/v2\/posts\/838\/revisions"}],"predecessor-version":[{"id":849,"href":"https:\/\/projetos.ese.ips.pt\/cctic\/index.php\/wp-json\/wp\/v2\/posts\/838\/revisions\/849"}],"wp:attachment":[{"href":"https:\/\/projetos.ese.ips.pt\/cctic\/index.php\/wp-json\/wp\/v2\/media?parent=838"}],"wp:term":[{"taxonomy":"category","embeddable":true,"href":"https:\/\/projetos.ese.ips.pt\/cctic\/index.php\/wp-json\/wp\/v2\/categories?post=838"},{"taxonomy":"post_tag","embeddable":true,"href":"https:\/\/projetos.ese.ips.pt\/cctic\/index.php\/wp-json\/wp\/v2\/tags?post=838"}],"curies":[{"name":"wp","href":"https:\/\/api.w.org\/{rel}","templated":true}]}}