{"id":911,"date":"2023-12-05T13:46:32","date_gmt":"2023-12-05T13:46:32","guid":{"rendered":"https:\/\/projetos.ese.ips.pt\/cctic\/?p=911"},"modified":"2023-12-05T13:46:33","modified_gmt":"2023-12-05T13:46:33","slug":"mooc-do-projeto-do-kml-ii","status":"publish","type":"post","link":"https:\/\/projetos.ese.ips.pt\/cctic\/index.php\/2023\/12\/05\/mooc-do-projeto-do-kml-ii\/","title":{"rendered":"MOOC do projeto do KML II"},"content":{"rendered":"\n<div class=\"wp-block-image\"><figure class=\"aligncenter size-full\"><img loading=\"lazy\" width=\"600\" height=\"340\" src=\"https:\/\/projetos.ese.ips.pt\/cctic\/wp-content\/uploads\/2023\/12\/mooc_kml2.png__600x340_q85_crop_replace_alpha-FFFFFF_subsampling-2_upscale.jpg\" alt=\"\" class=\"wp-image-914\" srcset=\"https:\/\/projetos.ese.ips.pt\/cctic\/wp-content\/uploads\/2023\/12\/mooc_kml2.png__600x340_q85_crop_replace_alpha-FFFFFF_subsampling-2_upscale.jpg 600w, https:\/\/projetos.ese.ips.pt\/cctic\/wp-content\/uploads\/2023\/12\/mooc_kml2.png__600x340_q85_crop_replace_alpha-FFFFFF_subsampling-2_upscale-300x170.jpg 300w\" sizes=\"(max-width: 600px) 100vw, 600px\" \/><\/figure><\/div>\n\n\n\n<p>J\u00e1 est\u00e1 dispon\u00edvel, na plataforma NAU, o MOOC do Projeto KML II &#8220;Programa\u00e7\u00e3o e Rob\u00f3tica no Pr\u00e9-escolar e Educa\u00e7\u00e3o B\u00e1sica&#8221;, destinado a Educadores de Inf\u00e2ncia e Professores do 1\u00ba Ciclo do Ensino B\u00e1sico.<\/p>\n\n\n\n<p>Este MOOC tem como objetivo promover o desenvolvimento de compet\u00eancias nos educadores de inf\u00e2ncia e professores do 1.\u00ba ciclo do ensino b\u00e1sico, de forma a integrar estrat\u00e9gias de pensamento computacional, programa\u00e7\u00e3o e rob\u00f3tica.<\/p>\n\n\n\n<p>Mais informa\u00e7\u00f5es em: <a href=\"https:\/\/www.nau.edu.pt\/pt\/curso\/programacao-e-robotica-no-pre-escolar-e-educacao-basica\/\" target=\"_blank\" rel=\"noreferrer noopener\">https:\/\/www.nau.edu.pt\/pt\/curso\/programacao-e-robotica-no-pre-escolar-e-educacao-basica\/<\/a>.<\/p>\n\n\n\n<p>Ser\u00e1 realizado um LE@D Talk Programa\u00e7\u00e3o e Rob\u00f3tica Educativa no Pr\u00e9-Escolar e Educa\u00e7\u00e3o B\u00e1sica: Lan\u00e7amento do MOOC KML II, da responsabilidade da Equipa de Projeto KML II, no pr\u00f3ximo dia 6 de dezembro, pelas 18:00 (hora de Lisboa).<\/p>\n\n\n\n<p>Pode consultar toda a informa\u00e7\u00e3o em <a href=\"https:\/\/lead.uab.pt\/led-talk-programacao-e-robotica-educativa\/\" target=\"_blank\" rel=\"noreferrer noopener\">https:\/\/lead.uab.pt\/led-talk-programacao-e-robotica-educativa\/<\/a>.<\/p>\n\n\n\n<p>O evento \u00e9 livre mas com inscri\u00e7\u00e3o necess\u00e1ria em <a href=\"https:\/\/bit.ly\/LEaDTalk06dez\" target=\"_blank\" rel=\"noreferrer noopener\">https:\/\/bit.ly\/LEaDTalk06dez<\/a>.<\/p>\n\n\n\n<p>O programa completo est\u00e1 dispon\u00edvel em: <a href=\"https:\/\/lead.uab.pt\/wp-content\/uploads\/2023\/11\/MOOC-KML-II.pdf\" target=\"_blank\" rel=\"noreferrer noopener\">https:\/\/lead.uab.pt\/wp-content\/uploads\/2023\/11\/MOOC-KML-II.pdf<\/a><\/p>\n","protected":false},"excerpt":{"rendered":"<p>J\u00e1 est\u00e1 dispon\u00edvel, na plataforma NAU, o MOOC do Projeto KML II &#8220;Programa\u00e7\u00e3o e Rob\u00f3tica no Pr\u00e9-escolar e Educa\u00e7\u00e3o B\u00e1sica&#8221;, destinado a Educadores de Inf\u00e2ncia e Professores do 1\u00ba Ciclo do Ensino B\u00e1sico. Este MOOC tem como objetivo promover o desenvolvimento de compet\u00eancias nos educadores de inf\u00e2ncia e professores do 1.\u00ba ciclo do ensino b\u00e1sico, [&hellip;]<\/p>\n","protected":false},"author":2,"featured_media":0,"comment_status":"open","ping_status":"open","sticky":false,"template":"","format":"standard","meta":[],"categories":[1],"tags":[],"_links":{"self":[{"href":"https:\/\/projetos.ese.ips.pt\/cctic\/index.php\/wp-json\/wp\/v2\/posts\/911"}],"collection":[{"href":"https:\/\/projetos.ese.ips.pt\/cctic\/index.php\/wp-json\/wp\/v2\/posts"}],"about":[{"href":"https:\/\/projetos.ese.ips.pt\/cctic\/index.php\/wp-json\/wp\/v2\/types\/post"}],"author":[{"embeddable":true,"href":"https:\/\/projetos.ese.ips.pt\/cctic\/index.php\/wp-json\/wp\/v2\/users\/2"}],"replies":[{"embeddable":true,"href":"https:\/\/projetos.ese.ips.pt\/cctic\/index.php\/wp-json\/wp\/v2\/comments?post=911"}],"version-history":[{"count":3,"href":"https:\/\/projetos.ese.ips.pt\/cctic\/index.php\/wp-json\/wp\/v2\/posts\/911\/revisions"}],"predecessor-version":[{"id":915,"href":"https:\/\/projetos.ese.ips.pt\/cctic\/index.php\/wp-json\/wp\/v2\/posts\/911\/revisions\/915"}],"wp:attachment":[{"href":"https:\/\/projetos.ese.ips.pt\/cctic\/index.php\/wp-json\/wp\/v2\/media?parent=911"}],"wp:term":[{"taxonomy":"category","embeddable":true,"href":"https:\/\/projetos.ese.ips.pt\/cctic\/index.php\/wp-json\/wp\/v2\/categories?post=911"},{"taxonomy":"post_tag","embeddable":true,"href":"https:\/\/projetos.ese.ips.pt\/cctic\/index.php\/wp-json\/wp\/v2\/tags?post=911"}],"curies":[{"name":"wp","href":"https:\/\/api.w.org\/{rel}","templated":true}]}}