{"id":958,"date":"2024-01-09T19:08:17","date_gmt":"2024-01-09T19:08:17","guid":{"rendered":"https:\/\/projetos.ese.ips.pt\/cctic\/?p=958"},"modified":"2024-01-09T19:08:18","modified_gmt":"2024-01-09T19:08:18","slug":"iniciativa-lideres-digitais-benjamins","status":"publish","type":"post","link":"https:\/\/projetos.ese.ips.pt\/cctic\/index.php\/2024\/01\/09\/iniciativa-lideres-digitais-benjamins\/","title":{"rendered":"Iniciativa L\u00edderes Digitais Benjamins"},"content":{"rendered":"\n<figure class=\"wp-block-image size-large\"><img loading=\"lazy\" width=\"1024\" height=\"768\" src=\"https:\/\/projetos.ese.ips.pt\/cctic\/wp-content\/uploads\/2024\/01\/ldb1-1024x768.jpeg\" alt=\"\" class=\"wp-image-959\" srcset=\"https:\/\/projetos.ese.ips.pt\/cctic\/wp-content\/uploads\/2024\/01\/ldb1-1024x768.jpeg 1024w, https:\/\/projetos.ese.ips.pt\/cctic\/wp-content\/uploads\/2024\/01\/ldb1-300x225.jpeg 300w, https:\/\/projetos.ese.ips.pt\/cctic\/wp-content\/uploads\/2024\/01\/ldb1-768x576.jpeg 768w, https:\/\/projetos.ese.ips.pt\/cctic\/wp-content\/uploads\/2024\/01\/ldb1-1536x1152.jpeg 1536w, https:\/\/projetos.ese.ips.pt\/cctic\/wp-content\/uploads\/2024\/01\/ldb1-676x507.jpeg 676w, https:\/\/projetos.ese.ips.pt\/cctic\/wp-content\/uploads\/2024\/01\/ldb1.jpeg 2048w\" sizes=\"(max-width: 1024px) 100vw, 1024px\" \/><\/figure>\n\n\n\n<p>Foram v\u00e1rias as escolas, alunos e professores que estiveram presentes na sess\u00e3o s\u00edncrona, do passado dia 8 de janeiro, que decorreu no \u00e2mbito da iniciativa L\u00edderes Digitais.<\/p>\n\n\n\n<p>Desta vez, a sess\u00e3o de sensibiliza\u00e7\u00e3o destinou-se a alunos de 1.\u00ba e 2.\u00ba ciclo (L\u00edderes Digitais Benjamins) que pretendem dinamizar este projeto nas suas escolas e comunidades, contribuindo assim para uma melhor e mais respons\u00e1vel utiliza\u00e7\u00e3o do digital.<\/p>\n\n\n\n<p>A sess\u00e3o foi dinamizada e moderada pelos alunos Camila Machado e  Martim Os\u00f3rio do 3.\u00ba ano da Escola B\u00e1sica de S\u00e3o Martinho com o apoio dos docentes dos CCTIC de Set\u00fabal e de Aveiro.<\/p>\n\n\n\n<p>Este encontro contou ainda com a presen\u00e7a da Professora  Dr.\u00aa Joana Rato, da Universidade Cat\u00f3lica, que pode elucidar os presentes sobre alguns aspetos relacionados com o Bem-Estar Online, fornecendo assim algumas orienta\u00e7\u00f5es para o trabalho a desenvolver nas escolas. <\/p>\n\n\n\n<p>A equipa agradece a presen\u00e7a de todos e aguarda, com muita expetativa, not\u00edcias sobre as iniciativas que ser\u00e3o certamente dinamizadas durante este ano, nas escolas envolvidas no projeto.<\/p>\n","protected":false},"excerpt":{"rendered":"<p>Foram v\u00e1rias as escolas, alunos e professores que estiveram presentes na sess\u00e3o s\u00edncrona, do passado dia 8 de janeiro, que decorreu no \u00e2mbito da iniciativa L\u00edderes Digitais. Desta vez, a sess\u00e3o de sensibiliza\u00e7\u00e3o destinou-se a alunos de 1.\u00ba e 2.\u00ba ciclo (L\u00edderes Digitais Benjamins) que pretendem dinamizar este projeto nas suas escolas e comunidades, contribuindo [&hellip;]<\/p>\n","protected":false},"author":3,"featured_media":0,"comment_status":"open","ping_status":"open","sticky":false,"template":"","format":"standard","meta":[],"categories":[1],"tags":[],"_links":{"self":[{"href":"https:\/\/projetos.ese.ips.pt\/cctic\/index.php\/wp-json\/wp\/v2\/posts\/958"}],"collection":[{"href":"https:\/\/projetos.ese.ips.pt\/cctic\/index.php\/wp-json\/wp\/v2\/posts"}],"about":[{"href":"https:\/\/projetos.ese.ips.pt\/cctic\/index.php\/wp-json\/wp\/v2\/types\/post"}],"author":[{"embeddable":true,"href":"https:\/\/projetos.ese.ips.pt\/cctic\/index.php\/wp-json\/wp\/v2\/users\/3"}],"replies":[{"embeddable":true,"href":"https:\/\/projetos.ese.ips.pt\/cctic\/index.php\/wp-json\/wp\/v2\/comments?post=958"}],"version-history":[{"count":3,"href":"https:\/\/projetos.ese.ips.pt\/cctic\/index.php\/wp-json\/wp\/v2\/posts\/958\/revisions"}],"predecessor-version":[{"id":972,"href":"https:\/\/projetos.ese.ips.pt\/cctic\/index.php\/wp-json\/wp\/v2\/posts\/958\/revisions\/972"}],"wp:attachment":[{"href":"https:\/\/projetos.ese.ips.pt\/cctic\/index.php\/wp-json\/wp\/v2\/media?parent=958"}],"wp:term":[{"taxonomy":"category","embeddable":true,"href":"https:\/\/projetos.ese.ips.pt\/cctic\/index.php\/wp-json\/wp\/v2\/categories?post=958"},{"taxonomy":"post_tag","embeddable":true,"href":"https:\/\/projetos.ese.ips.pt\/cctic\/index.php\/wp-json\/wp\/v2\/tags?post=958"}],"curies":[{"name":"wp","href":"https:\/\/api.w.org\/{rel}","templated":true}]}}