{"id":967,"date":"2024-01-09T19:22:12","date_gmt":"2024-01-09T19:22:12","guid":{"rendered":"https:\/\/projetos.ese.ips.pt\/cctic\/?p=967"},"modified":"2024-01-09T19:22:13","modified_gmt":"2024-01-09T19:22:13","slug":"iniciativa-lideres-digitais","status":"publish","type":"post","link":"https:\/\/projetos.ese.ips.pt\/cctic\/index.php\/2024\/01\/09\/iniciativa-lideres-digitais\/","title":{"rendered":"Iniciativa L\u00edderes Digitais"},"content":{"rendered":"\n<div class=\"wp-block-columns\">\n<div class=\"wp-block-column\">\n<figure class=\"wp-block-image size-large\"><img loading=\"lazy\" width=\"1024\" height=\"768\" src=\"https:\/\/projetos.ese.ips.pt\/cctic\/wp-content\/uploads\/2024\/01\/ldd2-1024x768.jpeg\" alt=\"\" class=\"wp-image-968\" srcset=\"https:\/\/projetos.ese.ips.pt\/cctic\/wp-content\/uploads\/2024\/01\/ldd2-1024x768.jpeg 1024w, https:\/\/projetos.ese.ips.pt\/cctic\/wp-content\/uploads\/2024\/01\/ldd2-300x225.jpeg 300w, https:\/\/projetos.ese.ips.pt\/cctic\/wp-content\/uploads\/2024\/01\/ldd2-768x576.jpeg 768w, https:\/\/projetos.ese.ips.pt\/cctic\/wp-content\/uploads\/2024\/01\/ldd2-676x507.jpeg 676w, https:\/\/projetos.ese.ips.pt\/cctic\/wp-content\/uploads\/2024\/01\/ldd2.jpeg 1280w\" sizes=\"(max-width: 1024px) 100vw, 1024px\" \/><\/figure>\n<\/div>\n\n\n\n<div class=\"wp-block-column\">\n<figure class=\"wp-block-image size-large\"><img loading=\"lazy\" width=\"1024\" height=\"768\" src=\"https:\/\/projetos.ese.ips.pt\/cctic\/wp-content\/uploads\/2024\/01\/ldd1-1024x768.jpeg\" alt=\"\" class=\"wp-image-969\" srcset=\"https:\/\/projetos.ese.ips.pt\/cctic\/wp-content\/uploads\/2024\/01\/ldd1-1024x768.jpeg 1024w, https:\/\/projetos.ese.ips.pt\/cctic\/wp-content\/uploads\/2024\/01\/ldd1-300x225.jpeg 300w, https:\/\/projetos.ese.ips.pt\/cctic\/wp-content\/uploads\/2024\/01\/ldd1-768x576.jpeg 768w, https:\/\/projetos.ese.ips.pt\/cctic\/wp-content\/uploads\/2024\/01\/ldd1-676x507.jpeg 676w, https:\/\/projetos.ese.ips.pt\/cctic\/wp-content\/uploads\/2024\/01\/ldd1.jpeg 1280w\" sizes=\"(max-width: 1024px) 100vw, 1024px\" \/><\/figure>\n<\/div>\n<\/div>\n\n\n\n<p>Foi com grande profissionalismo e conhecimento do trabalho realizado que os alunos Carolina Fernandez, Sofia Melo e Francisco Santos, do Agrupamento de Escolas de \u00cdlhavo, dinamizaram a sess\u00e3o de sensibiliza\u00e7\u00e3o para os alunos L\u00edderes Digitais, que decorreu online, no dia 9 de janeiro.<\/p>\n\n\n\n<p>Nesta sess\u00e3o, que tamb\u00e9m contou com a modera\u00e7\u00e3o dos professores dos CCTIC de Set\u00fabal e Aveiro, Jo\u00e3o Gr\u00e1cio, Ana Chambel e Maria Jos\u00e9 Loureiro, estiveram presentes alunos de todo o pa\u00eds que se inscreveram neste projeto e que ir\u00e3o, ao longo do ano letivo, planificar  e desenvolver atividades relacionadas com a utiliza\u00e7\u00e3o do digital, de forma respons\u00e1vel, junto dos seus colegas e restante comunidade.<\/p>\n\n\n\n<p>A sess\u00e3o contou ainda com a presen\u00e7a de um convidado especial, expert em ciberseguran\u00e7a, o Gabriel Oliveira, de 21 anos, que iniciou o seu percurso escolar em Portugal e que se encontra atualmente a estudar em Londres. <\/p>\n\n\n\n<p>Foi um encontro muito enriquecedor de partilha onde se discutiram e esclareceram aspectos relacionados com a utiliza\u00e7\u00e3o do digital, ao n\u00edvel da pegada digital, do <em>Cyberbullying<\/em>, dos direitos de autor e da Intelig\u00eancia Artificial.<\/p>\n\n\n\n<p>Muitos parab\u00e9ns a todos os participantes e um grande obrigada aos nossos moderadores e convidado que tornaram esta sess\u00e3o num momento de muita aprendizagem.<\/p>\n","protected":false},"excerpt":{"rendered":"<p>Foi com grande profissionalismo e conhecimento do trabalho realizado que os alunos Carolina Fernandez, Sofia Melo e Francisco Santos, do Agrupamento de Escolas de \u00cdlhavo, dinamizaram a sess\u00e3o de sensibiliza\u00e7\u00e3o para os alunos L\u00edderes Digitais, que decorreu online, no dia 9 de janeiro. Nesta sess\u00e3o, que tamb\u00e9m contou com a modera\u00e7\u00e3o dos professores dos CCTIC [&hellip;]<\/p>\n","protected":false},"author":3,"featured_media":0,"comment_status":"open","ping_status":"open","sticky":false,"template":"","format":"standard","meta":[],"categories":[1],"tags":[],"_links":{"self":[{"href":"https:\/\/projetos.ese.ips.pt\/cctic\/index.php\/wp-json\/wp\/v2\/posts\/967"}],"collection":[{"href":"https:\/\/projetos.ese.ips.pt\/cctic\/index.php\/wp-json\/wp\/v2\/posts"}],"about":[{"href":"https:\/\/projetos.ese.ips.pt\/cctic\/index.php\/wp-json\/wp\/v2\/types\/post"}],"author":[{"embeddable":true,"href":"https:\/\/projetos.ese.ips.pt\/cctic\/index.php\/wp-json\/wp\/v2\/users\/3"}],"replies":[{"embeddable":true,"href":"https:\/\/projetos.ese.ips.pt\/cctic\/index.php\/wp-json\/wp\/v2\/comments?post=967"}],"version-history":[{"count":3,"href":"https:\/\/projetos.ese.ips.pt\/cctic\/index.php\/wp-json\/wp\/v2\/posts\/967\/revisions"}],"predecessor-version":[{"id":978,"href":"https:\/\/projetos.ese.ips.pt\/cctic\/index.php\/wp-json\/wp\/v2\/posts\/967\/revisions\/978"}],"wp:attachment":[{"href":"https:\/\/projetos.ese.ips.pt\/cctic\/index.php\/wp-json\/wp\/v2\/media?parent=967"}],"wp:term":[{"taxonomy":"category","embeddable":true,"href":"https:\/\/projetos.ese.ips.pt\/cctic\/index.php\/wp-json\/wp\/v2\/categories?post=967"},{"taxonomy":"post_tag","embeddable":true,"href":"https:\/\/projetos.ese.ips.pt\/cctic\/index.php\/wp-json\/wp\/v2\/tags?post=967"}],"curies":[{"name":"wp","href":"https:\/\/api.w.org\/{rel}","templated":true}]}}