{"id":989,"date":"2024-01-17T22:17:20","date_gmt":"2024-01-17T22:17:20","guid":{"rendered":"https:\/\/projetos.ese.ips.pt\/cctic\/?p=989"},"modified":"2024-01-17T22:17:22","modified_gmt":"2024-01-17T22:17:22","slug":"acd-primeiros-passos-com-a-robotica-3","status":"publish","type":"post","link":"https:\/\/projetos.ese.ips.pt\/cctic\/index.php\/2024\/01\/17\/acd-primeiros-passos-com-a-robotica-3\/","title":{"rendered":"ACD &#8211; Primeiros passos com a Rob\u00f3tica"},"content":{"rendered":"\n<div class=\"wp-block-columns\">\n<div class=\"wp-block-column\">\n<figure class=\"wp-block-image size-large\"><img loading=\"lazy\" width=\"1010\" height=\"1024\" src=\"https:\/\/projetos.ese.ips.pt\/cctic\/wp-content\/uploads\/2024\/01\/Screenshot-2024-01-16-at-17.29.54-1-1010x1024.png\" alt=\"\" class=\"wp-image-993\" srcset=\"https:\/\/projetos.ese.ips.pt\/cctic\/wp-content\/uploads\/2024\/01\/Screenshot-2024-01-16-at-17.29.54-1-1010x1024.png 1010w, https:\/\/projetos.ese.ips.pt\/cctic\/wp-content\/uploads\/2024\/01\/Screenshot-2024-01-16-at-17.29.54-1-296x300.png 296w, https:\/\/projetos.ese.ips.pt\/cctic\/wp-content\/uploads\/2024\/01\/Screenshot-2024-01-16-at-17.29.54-1-768x778.png 768w, https:\/\/projetos.ese.ips.pt\/cctic\/wp-content\/uploads\/2024\/01\/Screenshot-2024-01-16-at-17.29.54-1-676x685.png 676w, https:\/\/projetos.ese.ips.pt\/cctic\/wp-content\/uploads\/2024\/01\/Screenshot-2024-01-16-at-17.29.54-1.png 1046w\" sizes=\"(max-width: 1010px) 100vw, 1010px\" \/><\/figure>\n<\/div>\n\n\n\n<div class=\"wp-block-column\">\n<figure class=\"wp-block-image size-large is-resized\"><img loading=\"lazy\" src=\"https:\/\/projetos.ese.ips.pt\/cctic\/wp-content\/uploads\/2024\/01\/Screenshot-2024-01-16-at-17.29.20-948x1024.png\" alt=\"\" class=\"wp-image-994\" width=\"301\" height=\"324\" srcset=\"https:\/\/projetos.ese.ips.pt\/cctic\/wp-content\/uploads\/2024\/01\/Screenshot-2024-01-16-at-17.29.20-948x1024.png 948w, https:\/\/projetos.ese.ips.pt\/cctic\/wp-content\/uploads\/2024\/01\/Screenshot-2024-01-16-at-17.29.20-278x300.png 278w, https:\/\/projetos.ese.ips.pt\/cctic\/wp-content\/uploads\/2024\/01\/Screenshot-2024-01-16-at-17.29.20-768x830.png 768w, https:\/\/projetos.ese.ips.pt\/cctic\/wp-content\/uploads\/2024\/01\/Screenshot-2024-01-16-at-17.29.20-676x730.png 676w, https:\/\/projetos.ese.ips.pt\/cctic\/wp-content\/uploads\/2024\/01\/Screenshot-2024-01-16-at-17.29.20.png 1047w\" sizes=\"(max-width: 301px) 100vw, 301px\" \/><\/figure>\n\n\n\n<p><\/p>\n<\/div>\n<\/div>\n\n\n\n<p>E porque n\u00e3o h\u00e1 duas sem tr\u00eas, decorreu no dia 15 de janeiro, nas instala\u00e7\u00f5es da Escola Superior de Educa\u00e7\u00e3o do Instituto Polit\u00e9cnico de Set\u00fabal, a terceira de um conjunto de 3 ACD destinadas aos docentes de primeiro ciclo e educadores de inf\u00e2ncia que estar\u00e3o envolvidos na edi\u00e7\u00e3o deste ano da iniciativa Matatalab.<\/p>\n\n\n\n<p>Desta vez, a a\u00e7\u00e3o destinou-se aos docentes dos agrupamentos de escolas Navegador Rodrigues Soromenho, de Sesimbra, e Ordem de Sant&#8217;Iago, de Set\u00fabal.<\/p>\n\n\n\n<p>Num clima de boa disposi\u00e7\u00e3o e vontade de aprender, cerca de 10 docentes  tomaram conhecimento relativamente a quest\u00f5es relacionadas com a utiliza\u00e7\u00e3o pedag\u00f3gica de rob\u00f4s de solo e puderam experimentar os rob\u00f4s que ser\u00e3o utilizados para o desenvolvimento das atividades, que decorrer\u00e3o ao longo do ano letivo.<\/p>\n\n\n\n<p>Esta A\u00e7\u00e3o de Curta Dura\u00e7\u00e3o encerra assim um conjunto de a\u00e7\u00f5es que deram in\u00edcio \u00e0 implementa\u00e7\u00e3o do projeto nas escolas, seguindo-se agora a explora\u00e7\u00e3o dos rob\u00f4s nas salas, sempre com o apoio da nossa equipa do CCTIC, que deseja um bom trabalho a todos os envolvidos.<\/p>\n","protected":false},"excerpt":{"rendered":"<p>E porque n\u00e3o h\u00e1 duas sem tr\u00eas, decorreu no dia 15 de janeiro, nas instala\u00e7\u00f5es da Escola Superior de Educa\u00e7\u00e3o do Instituto Polit\u00e9cnico de Set\u00fabal, a terceira de um conjunto de 3 ACD destinadas aos docentes de primeiro ciclo e educadores de inf\u00e2ncia que estar\u00e3o envolvidos na edi\u00e7\u00e3o deste ano da iniciativa Matatalab. Desta vez, [&hellip;]<\/p>\n","protected":false},"author":3,"featured_media":0,"comment_status":"open","ping_status":"open","sticky":false,"template":"","format":"standard","meta":[],"categories":[1],"tags":[],"_links":{"self":[{"href":"https:\/\/projetos.ese.ips.pt\/cctic\/index.php\/wp-json\/wp\/v2\/posts\/989"}],"collection":[{"href":"https:\/\/projetos.ese.ips.pt\/cctic\/index.php\/wp-json\/wp\/v2\/posts"}],"about":[{"href":"https:\/\/projetos.ese.ips.pt\/cctic\/index.php\/wp-json\/wp\/v2\/types\/post"}],"author":[{"embeddable":true,"href":"https:\/\/projetos.ese.ips.pt\/cctic\/index.php\/wp-json\/wp\/v2\/users\/3"}],"replies":[{"embeddable":true,"href":"https:\/\/projetos.ese.ips.pt\/cctic\/index.php\/wp-json\/wp\/v2\/comments?post=989"}],"version-history":[{"count":4,"href":"https:\/\/projetos.ese.ips.pt\/cctic\/index.php\/wp-json\/wp\/v2\/posts\/989\/revisions"}],"predecessor-version":[{"id":997,"href":"https:\/\/projetos.ese.ips.pt\/cctic\/index.php\/wp-json\/wp\/v2\/posts\/989\/revisions\/997"}],"wp:attachment":[{"href":"https:\/\/projetos.ese.ips.pt\/cctic\/index.php\/wp-json\/wp\/v2\/media?parent=989"}],"wp:term":[{"taxonomy":"category","embeddable":true,"href":"https:\/\/projetos.ese.ips.pt\/cctic\/index.php\/wp-json\/wp\/v2\/categories?post=989"},{"taxonomy":"post_tag","embeddable":true,"href":"https:\/\/projetos.ese.ips.pt\/cctic\/index.php\/wp-json\/wp\/v2\/tags?post=989"}],"curies":[{"name":"wp","href":"https:\/\/api.w.org\/{rel}","templated":true}]}}